{"id":1396,"date":"2024-08-16T00:24:46","date_gmt":"2024-08-16T00:24:46","guid":{"rendered":"https:\/\/www.seguros-camiones.com\/blog\/?p=1396"},"modified":"2024-08-16T00:24:46","modified_gmt":"2024-08-16T00:24:46","slug":"accidente-mortal-en-dumbria","status":"publish","type":"post","link":"https:\/\/www.seguros-camiones.com\/blog\/accidente-mortal-en-dumbria\/08\/2024\/","title":{"rendered":"Un accidente mortal en Dumbr\u00eda deja 2 fallecidos"},"content":{"rendered":"<p><span style=\"font-weight: 400;\">Un accidente mortal en Dumbr\u00eda ha dejado conmocionados a los habitantes de Vimianzo. <\/span><b>Las v\u00edctimas mortales fueron Manuel Oanes M\u00e9ndez y Estrella Abuelo Insua<\/b><span style=\"font-weight: 400;\">, una pareja que viajaba desde la parroquia de Caranto\u00f1a hasta Berdeogas.<\/span><\/p>\n<p><span style=\"font-weight: 400;\">El siniestro se produjo tras el choque entre el veh\u00edculo de la pareja y un cami\u00f3n cargado de madera. Asimismo, el accidente tuvo lugar espec\u00edficamente en<\/span><b> la carretera auton\u00f3mica AC-552, en el tramo del kil\u00f3metro 78.<\/b><\/p>\n<p><span style=\"font-weight: 400;\">El choque produjo un fuerte impacto entre ambos veh\u00edculos, resultando el coche como el m\u00e1s afectado y produciendo el fallecimiento de Manuel y Estrella. En el coche tambi\u00e9n <\/span><b>se encontraba el hijo de la pareja de 27 a\u00f1os<\/b><span style=\"font-weight: 400;\">, quien se encuentra herido de gravedad.<\/span><\/p>\n<table>\n<tbody>\n<tr>\n<td><b>Post:<\/b> <a title=\"el cuerpo no envejece gradualmente\" href=\"https:\/\/www.salud-vida.es\/2024\/08\/15\/el-cuerpo-no-envejece-gradualmente\/\" target=\"_blank\" rel=\"noopener\"><b>Cient\u00edficos descubren que el cuerpo no envejece gradualmente<\/b><\/a><\/td>\n<\/tr>\n<\/tbody>\n<\/table>\n<h2><\/h2>\n<div id=\"ez-toc-container\" class=\"ez-toc-v2_0_82_2 counter-hierarchy ez-toc-counter ez-toc-grey ez-toc-container-direction\">\n<div class=\"ez-toc-title-container\">\n<p class=\"ez-toc-title\" style=\"cursor:inherit\">Table of Contents<\/p>\n<span class=\"ez-toc-title-toggle\"><a href=\"#\" class=\"ez-toc-pull-right ez-toc-btn ez-toc-btn-xs ez-toc-btn-default ez-toc-toggle\" aria-label=\"Alternar tabla de contenidos\"><span class=\"ez-toc-js-icon-con\"><span class=\"\"><span class=\"eztoc-hide\" style=\"display:none;\">Toggle<\/span><span class=\"ez-toc-icon-toggle-span\"><svg style=\"fill: #999;color:#999\" xmlns=\"http:\/\/www.w3.org\/2000\/svg\" class=\"list-377408\" width=\"20px\" height=\"20px\" viewBox=\"0 0 24 24\" fill=\"none\"><path d=\"M6 6H4v2h2V6zm14 0H8v2h12V6zM4 11h2v2H4v-2zm16 0H8v2h12v-2zM4 16h2v2H4v-2zm16 0H8v2h12v-2z\" fill=\"currentColor\"><\/path><\/svg><svg style=\"fill: #999;color:#999\" class=\"arrow-unsorted-368013\" xmlns=\"http:\/\/www.w3.org\/2000\/svg\" width=\"10px\" height=\"10px\" viewBox=\"0 0 24 24\" version=\"1.2\" baseProfile=\"tiny\"><path d=\"M18.2 9.3l-6.2-6.3-6.2 6.3c-.2.2-.3.4-.3.7s.1.5.3.7c.2.2.4.3.7.3h11c.3 0 .5-.1.7-.3.2-.2.3-.5.3-.7s-.1-.5-.3-.7zM5.8 14.7l6.2 6.3 6.2-6.3c.2-.2.3-.5.3-.7s-.1-.5-.3-.7c-.2-.2-.4-.3-.7-.3h-11c-.3 0-.5.1-.7.3-.2.2-.3.5-.3.7s.1.5.3.7z\"\/><\/svg><\/span><\/span><\/span><\/a><\/span><\/div>\n<nav><ul class='ez-toc-list ez-toc-list-level-1 ' ><li class='ez-toc-page-1 ez-toc-heading-level-2'><a class=\"ez-toc-link ez-toc-heading-1\" href=\"https:\/\/www.seguros-camiones.com\/blog\/accidente-mortal-en-dumbria\/08\/2024\/#%C2%BFComo_se_dio_el_accidente_mortal_en_Dumbria\" >\u00bfC\u00f3mo se dio el accidente mortal en Dumbr\u00eda?<\/a><\/li><li class='ez-toc-page-1 ez-toc-heading-level-2'><a class=\"ez-toc-link ez-toc-heading-2\" href=\"https:\/\/www.seguros-camiones.com\/blog\/accidente-mortal-en-dumbria\/08\/2024\/#Las_insolitas_casualidades_del_accidente_mortal_en_Dumbria\" >Las ins\u00f3litas casualidades del accidente mortal en Dumbr\u00eda<\/a><\/li><li class='ez-toc-page-1 ez-toc-heading-level-2'><a class=\"ez-toc-link ez-toc-heading-3\" href=\"https:\/\/www.seguros-camiones.com\/blog\/accidente-mortal-en-dumbria\/08\/2024\/#Dumbria_lamenta_el_terrible_accidente\" >Dumbr\u00eda lamenta el terrible accidente\u00a0<\/a><\/li><\/ul><\/nav><\/div>\n<h2><span class=\"ez-toc-section\" id=\"%C2%BFComo_se_dio_el_accidente_mortal_en_Dumbria\"><\/span><span style=\"color: #ff6600;\"><b>\u00bfC\u00f3mo se dio el accidente mortal en Dumbr\u00eda?<\/b><\/span><span class=\"ez-toc-section-end\"><\/span><\/h2>\n<p><b>Estrella ocupaba la parte de atr\u00e1s del veh\u00edculo <\/b><span style=\"font-weight: 400;\">justo a la izquierda, desafortunadamente cuando se produjo el siniestro esta fue la parte que m\u00e1s sufri\u00f3 da\u00f1os. En el impacto tanto la mujer como Manuel fallecieron.<\/span><\/p>\n<p><span style=\"font-weight: 400;\">Tras realizar el rescate del hijo de la pareja fallecida en el accidente mortal en Dumbr\u00eda, los bomberos de Cee <\/span><b>se dieron a la tarea de recuperar los cuerpos<\/b><span style=\"font-weight: 400;\"> que quedaron atrapados en el extremo interior del veh\u00edculo. Hasta el momento no se han mencionado responsabilidades legales tras el hecho.<\/span><\/p>\n<p><a href=\"https:\/\/www.seguros-generales.es\/seguros-camion.html\" target=\"_blank\" rel=\"noopener\"><img loading=\"lazy\" decoding=\"async\" class=\"aligncenter wp-image-1397 size-full\" title=\"comparador de seguros de camiones\" src=\"https:\/\/www.seguros-camiones.com\/blog\/wp-content\/uploads\/2024\/08\/CAMION-1.png\" alt=\"comparador de seguros de camiones\" width=\"600\" height=\"200\" srcset=\"https:\/\/www.seguros-camiones.com\/blog\/wp-content\/uploads\/2024\/08\/CAMION-1.png 600w, https:\/\/www.seguros-camiones.com\/blog\/wp-content\/uploads\/2024\/08\/CAMION-1-480x160.png 480w\" sizes=\"(min-width: 0px) and (max-width: 480px) 480px, (min-width: 481px) 600px, 100vw\" \/><\/a><\/p>\n<p><b>El accidente en Dumbr\u00eda se produjo sobre las 16:10 horas<\/b><span style=\"font-weight: 400;\">, en una zona cerca de la gasolinera de Berdeogas. La causa de la colisi\u00f3n no est\u00e1 muy bien definida, pero se sabe que el impacto se produjo de manera directa o frontal entre los dos veh\u00edculos involucrados.<\/span><\/p>\n<table>\n<tbody>\n<tr>\n<td><b>Descubre: <\/b><a title=\"Mejores modelos de Volvo Trucks\" href=\"https:\/\/www.seguros-camiones.com\/blog\/volvo-trucks\/07\/2024\/\" target=\"_blank\" rel=\"noopener\"><b>Mejores modelos de Volvo Trucks que debes conocer<\/b><\/a><\/td>\n<\/tr>\n<\/tbody>\n<\/table>\n<h2><\/h2>\n<h2><span class=\"ez-toc-section\" id=\"Las_insolitas_casualidades_del_accidente_mortal_en_Dumbria\"><\/span><span style=\"color: #ff6600;\"><b>Las ins\u00f3litas casualidades del accidente mortal en Dumbr\u00eda<\/b><\/span><span class=\"ez-toc-section-end\"><\/span><\/h2>\n<p><span style=\"font-weight: 400;\">Durante la investigaci\u00f3n inicial se dio con un dato bastante particular, el conductor del cami\u00f3n con el que impactaron Manuel, Estrella y el hijo de ambos es un vecino y familiar de las v\u00edctimas. Viven puerta con puerta en la parroquia de Caranto\u00f1a.\u00a0<\/span><\/p>\n<p><span style=\"font-weight: 400;\">Adem\u00e1s, en la investigaci\u00f3n recabada se supo que el cami\u00f3n forma parte de una compa\u00f1\u00eda de transporte con sede en Mux\u00eda, el cami\u00f3n implicado en el accidente fue manejado por el hijo del due\u00f1o.\u00a0<\/span><\/p>\n<p><span style=\"font-weight: 400;\">Hasta el momento no se ha responsabilizado al conductor del cami\u00f3n sobre el accidente, quien por cierto, sali\u00f3 ileso del fat\u00eddico suceso. Sin embargo, la noticia sigue en desarrollo y a espera de la pronta recuperaci\u00f3n de la tercera v\u00edctima.<\/span><\/p>\n<table>\n<tbody>\n<tr>\n<td>\n<p style=\"text-align: center;\"><span style=\"font-weight: 400;\">Tu tranquilidad y bienestar es lo primero, descubre cu\u00e1l es la p\u00f3liza perfecta para tu veh\u00edculo de transporte usando el <\/span><a title=\"comparador de seguros de camiones\" href=\"https:\/\/www.seguros-generales.es\/seguros-camion.html\" target=\"_blank\" rel=\"noopener\"><b>comparador de seguros de camiones<\/b><\/a><span style=\"font-weight: 400;\">.\u00a0<\/span><\/p>\n<\/td>\n<\/tr>\n<\/tbody>\n<\/table>\n<h2><\/h2>\n<h2><span class=\"ez-toc-section\" id=\"Dumbria_lamenta_el_terrible_accidente\"><\/span><span style=\"color: #ff6600;\"><b>Dumbr\u00eda lamenta el terrible accidente\u00a0<\/b><\/span><span class=\"ez-toc-section-end\"><\/span><\/h2>\n<p><span style=\"font-weight: 400;\">La pareja fallecida en el accidente mortal en Dumbr\u00eda eran oriundos de Suiza y regresaron a la provincia gallega hace varios a\u00f1os. <\/span><b>Ambos ten\u00edan vidas muy activas<\/b><span style=\"font-weight: 400;\">, Estrella se encontraba realizando una formaci\u00f3n de empleo y se dio cuenta que ten\u00eda una oferta de empleo disponible.\u00a0<\/span><\/p>\n<p><span style=\"font-weight: 400;\">Adem\u00e1s, la pareja tuvo tres hijos y el hijo que iba en compa\u00f1\u00eda de ellos cuando ocurri\u00f3 el accidente se encontraba en casa de sus padres de vacaciones. Espa\u00f1a lamenta este fat\u00eddico hecho que ha dejado a su paso una tragedia monumental.\u00a0<\/span><\/p>\n","protected":false},"excerpt":{"rendered":"<p>Un accidente mortal en Dumbr\u00eda ha dejado conmocionados a los habitantes de Vimianzo. Las v\u00edctimas mortales fueron Manuel Oanes M\u00e9ndez y Estrella Abuelo Insua, una pareja que viajaba desde la parroquia de Caranto\u00f1a hasta Berdeogas. El siniestro se produjo tras el choque entre el veh\u00edculo de la pareja y un cami\u00f3n cargado de madera. Asimismo, [&hellip;]<\/p>\n","protected":false},"author":3,"featured_media":1398,"comment_status":"open","ping_status":"open","sticky":false,"template":"","format":"standard","meta":{"_et_pb_use_builder":"","_et_pb_old_content":"","_et_gb_content_width":"","footnotes":""},"categories":[4],"tags":[889,890,891,888],"class_list":["post-1396","post","type-post","status-publish","format-standard","has-post-thumbnail","hentry","category-noticia","tag-accidente-en-dumbria","tag-accidente-en-dumbria-hoy","tag-accidente-en-dumbria-noticia","tag-accidente-mortal-en-dumbria"],"_links":{"self":[{"href":"https:\/\/www.seguros-camiones.com\/blog\/wp-json\/wp\/v2\/posts\/1396","targetHints":{"allow":["GET"]}}],"collection":[{"href":"https:\/\/www.seguros-camiones.com\/blog\/wp-json\/wp\/v2\/posts"}],"about":[{"href":"https:\/\/www.seguros-camiones.com\/blog\/wp-json\/wp\/v2\/types\/post"}],"author":[{"embeddable":true,"href":"https:\/\/www.seguros-camiones.com\/blog\/wp-json\/wp\/v2\/users\/3"}],"replies":[{"embeddable":true,"href":"https:\/\/www.seguros-camiones.com\/blog\/wp-json\/wp\/v2\/comments?post=1396"}],"version-history":[{"count":1,"href":"https:\/\/www.seguros-camiones.com\/blog\/wp-json\/wp\/v2\/posts\/1396\/revisions"}],"predecessor-version":[{"id":1399,"href":"https:\/\/www.seguros-camiones.com\/blog\/wp-json\/wp\/v2\/posts\/1396\/revisions\/1399"}],"wp:featuredmedia":[{"embeddable":true,"href":"https:\/\/www.seguros-camiones.com\/blog\/wp-json\/wp\/v2\/media\/1398"}],"wp:attachment":[{"href":"https:\/\/www.seguros-camiones.com\/blog\/wp-json\/wp\/v2\/media?parent=1396"}],"wp:term":[{"taxonomy":"category","embeddable":true,"href":"https:\/\/www.seguros-camiones.com\/blog\/wp-json\/wp\/v2\/categories?post=1396"},{"taxonomy":"post_tag","embeddable":true,"href":"https:\/\/www.seguros-camiones.com\/blog\/wp-json\/wp\/v2\/tags?post=1396"}],"curies":[{"name":"wp","href":"https:\/\/api.w.org\/{rel}","templated":true}]}}