{"id":1402,"date":"2024-09-03T22:05:31","date_gmt":"2024-09-03T22:05:31","guid":{"rendered":"https:\/\/www.seguros-camiones.com\/blog\/?p=1402"},"modified":"2024-09-03T22:05:31","modified_gmt":"2024-09-03T22:05:31","slug":"restricciones-de-camiones-2024","status":"publish","type":"post","link":"https:\/\/www.seguros-camiones.com\/blog\/restricciones-de-camiones-2024\/09\/2024\/","title":{"rendered":"Restricciones de camiones 2024 impuestas por DGT"},"content":{"rendered":"<p><span style=\"font-weight: 400;\">Las restricciones de camiones 2024 fueron bastante variadas durante la temporada alta. As\u00ed que en los meses de Julio y Agosto el paso de camiones en la v\u00eda p\u00fablica se vio sometido a ciertas<\/span><b> condiciones impuestas por el DGT.<\/b><\/p>\n<p><span style=\"font-weight: 400;\">Esto se debe a que el desplazamiento de las personas que deciden irse de vacaciones por Espa\u00f1a coincide con el de los trabajadores que circulan en <\/span><b>camiones de m\u00e1s de 7,5 toneladas.\u00a0<\/b><\/p>\n<p><a href=\"https:\/\/www.seguros-generales.es\/seguros-camion.html\" target=\"_blank\" rel=\"noopener\"><img loading=\"lazy\" decoding=\"async\" class=\"aligncenter wp-image-1397 size-full\" title=\"Comparador de seguros de camiones\" src=\"https:\/\/www.seguros-camiones.com\/blog\/wp-content\/uploads\/2024\/08\/CAMION-1.png\" alt=\"Comparador de seguros de camiones\" width=\"600\" height=\"200\" srcset=\"https:\/\/www.seguros-camiones.com\/blog\/wp-content\/uploads\/2024\/08\/CAMION-1.png 600w, https:\/\/www.seguros-camiones.com\/blog\/wp-content\/uploads\/2024\/08\/CAMION-1-480x160.png 480w\" sizes=\"(min-width: 0px) and (max-width: 480px) 480px, (min-width: 481px) 600px, 100vw\" \/><\/a><\/p>\n<p><span style=\"font-weight: 400;\">Con el objetivo de reducir accidentes, el DGT emiti\u00f3 una serie de restricciones a camiones con motivo de gestionar la temporada alta. Hay que destacar que varias de estas medidas est\u00e1n enfocadas al <\/span><b>traslado de mercanc\u00eda peligrosa<\/b><span style=\"font-weight: 400;\"> y al transporte de veh\u00edculos especiales.<\/span><\/p>\n<table>\n<tbody>\n<tr>\n<td><b>Post: <\/b><a title=\"Mejores modelos de Volvo Trucks\" href=\"https:\/\/www.seguros-camiones.com\/blog\/volvo-trucks\/07\/2024\/\" target=\"_blank\" rel=\"noopener\"><b>Mejores modelos de Volvo Trucks que debes conocer<\/b><\/a><\/td>\n<\/tr>\n<\/tbody>\n<\/table>\n<h2><\/h2>\n<div id=\"ez-toc-container\" class=\"ez-toc-v2_0_82_2 counter-hierarchy ez-toc-counter ez-toc-grey ez-toc-container-direction\">\n<div class=\"ez-toc-title-container\">\n<p class=\"ez-toc-title\" style=\"cursor:inherit\">Table of Contents<\/p>\n<span class=\"ez-toc-title-toggle\"><a href=\"#\" class=\"ez-toc-pull-right ez-toc-btn ez-toc-btn-xs ez-toc-btn-default ez-toc-toggle\" aria-label=\"Alternar tabla de contenidos\"><span class=\"ez-toc-js-icon-con\"><span class=\"\"><span class=\"eztoc-hide\" style=\"display:none;\">Toggle<\/span><span class=\"ez-toc-icon-toggle-span\"><svg style=\"fill: #999;color:#999\" xmlns=\"http:\/\/www.w3.org\/2000\/svg\" class=\"list-377408\" width=\"20px\" height=\"20px\" viewBox=\"0 0 24 24\" fill=\"none\"><path d=\"M6 6H4v2h2V6zm14 0H8v2h12V6zM4 11h2v2H4v-2zm16 0H8v2h12v-2zM4 16h2v2H4v-2zm16 0H8v2h12v-2z\" fill=\"currentColor\"><\/path><\/svg><svg style=\"fill: #999;color:#999\" class=\"arrow-unsorted-368013\" xmlns=\"http:\/\/www.w3.org\/2000\/svg\" width=\"10px\" height=\"10px\" viewBox=\"0 0 24 24\" version=\"1.2\" baseProfile=\"tiny\"><path d=\"M18.2 9.3l-6.2-6.3-6.2 6.3c-.2.2-.3.4-.3.7s.1.5.3.7c.2.2.4.3.7.3h11c.3 0 .5-.1.7-.3.2-.2.3-.5.3-.7s-.1-.5-.3-.7zM5.8 14.7l6.2 6.3 6.2-6.3c.2-.2.3-.5.3-.7s-.1-.5-.3-.7c-.2-.2-.4-.3-.7-.3h-11c-.3 0-.5.1-.7.3-.2.2-.3.5-.3.7s.1.5.3.7z\"\/><\/svg><\/span><\/span><\/span><\/a><\/span><\/div>\n<nav><ul class='ez-toc-list ez-toc-list-level-1 ' ><li class='ez-toc-page-1 ez-toc-heading-level-2'><a class=\"ez-toc-link ez-toc-heading-1\" href=\"https:\/\/www.seguros-camiones.com\/blog\/restricciones-de-camiones-2024\/09\/2024\/#Restricciones_de_camiones_2024_segun_ubicaciones\" >Restricciones de camiones 2024 seg\u00fan ubicaciones<\/a><ul class='ez-toc-list-level-3' ><li class='ez-toc-heading-level-3'><a class=\"ez-toc-link ez-toc-heading-2\" href=\"https:\/\/www.seguros-camiones.com\/blog\/restricciones-de-camiones-2024\/09\/2024\/#Restricciones_de_camiones_2024_en_otras_zonas\" >Restricciones de camiones 2024 en otras zonas<\/a><\/li><li class='ez-toc-page-1 ez-toc-heading-level-3'><a class=\"ez-toc-link ez-toc-heading-3\" href=\"https:\/\/www.seguros-camiones.com\/blog\/restricciones-de-camiones-2024\/09\/2024\/#Restricciones_camiones_2024_en_Cataluna\" >Restricciones camiones 2024 en Catalu\u00f1a<\/a><\/li><\/ul><\/li><\/ul><\/nav><\/div>\n<h2><span class=\"ez-toc-section\" id=\"Restricciones_de_camiones_2024_segun_ubicaciones\"><\/span><span style=\"color: #ff6600;\"><b>Restricciones de camiones 2024 seg\u00fan ubicaciones<\/b><\/span><span class=\"ez-toc-section-end\"><\/span><\/h2>\n<p><span style=\"font-weight: 400;\">Desde el 02 al 08 de septiembre los transportistas ver\u00e1n ciertas <\/span><b>restricciones de camiones impuestas por la DGT<\/b><span style=\"font-weight: 400;\">. Las clasificaciones var\u00edan dependiendo de si se trata del traslado de mercanc\u00eda general, mercanc\u00edas peligrosas o veh\u00edculos especiales.<\/span><\/p>\n<p><span style=\"font-weight: 400;\">En la siguiente tabla te mostramos las restricciones de camiones 2024 que aplican en Madrid para el domingo ocho de septiembre:<\/span><\/p>\n<table style=\"width: 97.335%; height: 300px;\">\n<tbody>\n<tr>\n<td style=\"text-align: center;\"><b>Ctra<\/b><\/td>\n<td style=\"text-align: center;\"><b>PK<\/b><\/td>\n<td style=\"text-align: center;\"><b>Inicio\u00a0<\/b><\/td>\n<td style=\"text-align: center;\"><b>PK<\/b><\/td>\n<td style=\"text-align: center;\"><b>Final<\/b><\/td>\n<td style=\"text-align: center;\"><b>Sentido<\/b><\/td>\n<td style=\"text-align: center;\"><b>Horario<\/b><\/td>\n<\/tr>\n<tr>\n<td style=\"text-align: center;\"><span style=\"font-weight: 400;\">A-1<\/span><\/td>\n<td style=\"text-align: center;\"><span style=\"font-weight: 400;\">118,3\u00a0<\/span><\/td>\n<td style=\"text-align: center;\"><span style=\"font-weight: 400;\">Boceguillas<\/span><\/td>\n<td style=\"text-align: center;\"><span style=\"font-weight: 400;\">11,8<\/span><\/td>\n<td style=\"text-align: center;\"><span style=\"font-weight: 400;\">Madrid (enlace M-40)<\/span><\/td>\n<td style=\"text-align: center;\"><span style=\"font-weight: 400;\">Entrada Madrid<\/span><\/td>\n<td style=\"text-align: center;\"><span style=\"font-weight: 400;\">21:00 &#8211; 23:00\u00a0<\/span><\/td>\n<\/tr>\n<tr>\n<td style=\"text-align: center;\"><span style=\"font-weight: 400;\">A-2<\/span><\/td>\n<td style=\"text-align: center;\"><span style=\"font-weight: 400;\">107<\/span><\/td>\n<td style=\"text-align: center;\"><span style=\"font-weight: 400;\">Mirabueno<\/span><\/td>\n<td style=\"text-align: center;\"><span style=\"font-weight: 400;\">10,8<\/span><\/td>\n<td style=\"text-align: center;\"><span style=\"font-weight: 400;\">Madrid (enlace M-40)\u00a0<\/span><\/td>\n<td style=\"text-align: center;\"><span style=\"font-weight: 400;\">Entrada Madrid<\/span><\/td>\n<td style=\"text-align: center;\"><span style=\"font-weight: 400;\">21:00 &#8211; 23:00<\/span><\/td>\n<\/tr>\n<tr>\n<td style=\"text-align: center;\"><span style=\"font-weight: 400;\">A-3<\/span><\/td>\n<td style=\"text-align: center;\"><span style=\"font-weight: 400;\">177<\/span><\/td>\n<td style=\"text-align: center;\"><span style=\"font-weight: 400;\">Atalaya del Ca\u00f1avate<\/span><\/td>\n<td style=\"text-align: center;\"><span style=\"font-weight: 400;\">6,9<\/span><\/td>\n<td style=\"text-align: center;\"><span style=\"font-weight: 400;\">Madrid (enlace M-40)\u00a0<\/span><\/td>\n<td style=\"text-align: center;\"><span style=\"font-weight: 400;\">Entrada Madrid<\/span><\/td>\n<td style=\"text-align: center;\"><span style=\"font-weight: 400;\">21:00 &#8211; 23:00<\/span><\/td>\n<\/tr>\n<tr>\n<td style=\"text-align: center;\"><span style=\"font-weight: 400;\">A-5<\/span><\/td>\n<td style=\"text-align: center;\"><span style=\"font-weight: 400;\">75<\/span><\/td>\n<td style=\"text-align: center;\"><span style=\"font-weight: 400;\">Maqueda<\/span><\/td>\n<td style=\"text-align: center;\"><span style=\"font-weight: 400;\">11,8<\/span><\/td>\n<td style=\"text-align: center;\"><span style=\"font-weight: 400;\">Madrid (enlace M-40<\/span><\/td>\n<td style=\"text-align: center;\"><span style=\"font-weight: 400;\">Entrada Madrid<\/span><\/td>\n<td style=\"text-align: center;\"><span style=\"font-weight: 400;\">21:00 &#8211; 24:00<\/span><\/td>\n<\/tr>\n<tr>\n<td style=\"text-align: center;\"><span style=\"font-weight: 400;\">A-6<\/span><\/td>\n<td style=\"text-align: center;\"><span style=\"font-weight: 400;\">22,3<\/span><\/td>\n<td style=\"text-align: center;\"><span style=\"font-weight: 400;\">Las Rozas<\/span><\/td>\n<td style=\"text-align: center;\"><span style=\"font-weight: 400;\">6,8<\/span><\/td>\n<td style=\"text-align: center;\"><span style=\"font-weight: 400;\">Madrid\u00a0<\/span><\/td>\n<td style=\"text-align: center;\"><span style=\"font-weight: 400;\">Entrada Madrid<\/span><\/td>\n<td style=\"text-align: center;\"><span style=\"font-weight: 400;\">21:00 &#8211; 23:00\u00a0<\/span><\/td>\n<\/tr>\n<\/tbody>\n<\/table>\n<h3><\/h3>\n<h3><span class=\"ez-toc-section\" id=\"Restricciones_de_camiones_2024_en_otras_zonas\"><\/span><span style=\"color: #ff6600;\"><b>Restricciones de camiones 2024 en otras zonas<\/b><\/span><span class=\"ez-toc-section-end\"><\/span><\/h3>\n<p><span style=\"font-weight: 400;\">Las siguientes son algunas de las restricciones de camiones 2024 impuestas por la DGT para otras zonas aleda\u00f1as a Madrid. Recuerda que usando el <\/span><b>comparador de seguros de camiones gratis <\/b><span style=\"font-weight: 400;\">puedes conseguir la mejor p\u00f3liza para tu veh\u00edculo pesado.\u00a0<\/span><\/p>\n<table style=\"width: 101.055%; height: 307px;\">\n<tbody>\n<tr>\n<td style=\"text-align: center;\"><b>Ctra<\/b><\/td>\n<td style=\"text-align: center;\"><b>PK<\/b><\/td>\n<td style=\"text-align: center;\"><b>Inicio\u00a0<\/b><\/td>\n<td style=\"text-align: center;\"><b>PK<\/b><\/td>\n<td style=\"text-align: center;\"><b>Final<\/b><\/td>\n<td style=\"text-align: center;\"><b>Sentido<\/b><\/td>\n<td style=\"text-align: center;\"><b>Horario<\/b><\/td>\n<\/tr>\n<tr>\n<td style=\"text-align: center;\"><span style=\"font-weight: 400;\">A-6<\/span><\/td>\n<td style=\"text-align: center;\"><span style=\"font-weight: 400;\">123\u00a0<\/span><\/td>\n<td style=\"text-align: center;\"><span style=\"font-weight: 400;\"> Ar\u00e9valo<\/span><\/td>\n<td style=\"text-align: center;\"><span style=\"font-weight: 400;\">110<\/span><\/td>\n<td style=\"text-align: center;\"><span style=\"font-weight: 400;\">Adanero<\/span><\/td>\n<td style=\"text-align: center;\"><span style=\"font-weight: 400;\">Entrada Madrid<\/span><\/td>\n<td style=\"text-align: center;\"><span style=\"font-weight: 400;\">21:00 &#8211; 23:00\u00a0<\/span><\/td>\n<\/tr>\n<tr>\n<td style=\"text-align: center;\"><span style=\"font-weight: 400;\">AP-6<\/span><\/td>\n<td style=\"text-align: center;\"><span style=\"font-weight: 400;\">110<\/span><\/td>\n<td style=\"text-align: center;\"><span style=\"font-weight: 400;\">Adanero<\/span><\/td>\n<td style=\"text-align: center;\"><span style=\"font-weight: 400;\">60,5<\/span><\/td>\n<td style=\"text-align: center;\"><span style=\"font-weight: 400;\">San Rafael\u00a0<\/span><\/td>\n<td style=\"text-align: center;\"><span style=\"font-weight: 400;\">Entrada Madrid<\/span><\/td>\n<td style=\"text-align: center;\"><span style=\"font-weight: 400;\">21:00 &#8211; 23:00<\/span><\/td>\n<\/tr>\n<tr>\n<td style=\"text-align: center;\"><span style=\"font-weight: 400;\">N-6<\/span><\/td>\n<td style=\"text-align: center;\"><span style=\"font-weight: 400;\">110<\/span><\/td>\n<td style=\"text-align: center;\"><span style=\"font-weight: 400;\">Adanero<\/span><\/td>\n<td style=\"text-align: center;\"><span style=\"font-weight: 400;\">42,5<\/span><\/td>\n<td style=\"text-align: center;\"><span style=\"font-weight: 400;\">Collado Villalba\u00a0<\/span><\/td>\n<td style=\"text-align: center;\"><span style=\"font-weight: 400;\">Entrada Madrid<\/span><\/td>\n<td style=\"text-align: center;\"><span style=\"font-weight: 400;\">21:00 &#8211; 23:00<\/span><\/td>\n<\/tr>\n<tr>\n<td style=\"text-align: center;\"><span style=\"font-weight: 400;\">AP-51<\/span><\/td>\n<td style=\"text-align: center;\"><span style=\"font-weight: 400;\">104,8<\/span><\/td>\n<td style=\"text-align: center;\"><span style=\"font-weight: 400;\">\u00c1vila<\/span><\/td>\n<td style=\"text-align: center;\"><span style=\"font-weight: 400;\">81,8<\/span><\/td>\n<td style=\"text-align: center;\"><span style=\"font-weight: 400;\">Villacast\u00edn\u00a0<\/span><\/td>\n<td style=\"text-align: center;\"><span style=\"font-weight: 400;\">Entrada Madrid<\/span><\/td>\n<td style=\"text-align: center;\"><span style=\"font-weight: 400;\">21:00 &#8211; 23:00<\/span><\/td>\n<\/tr>\n<tr>\n<td style=\"text-align: center;\"><span style=\"font-weight: 400;\">A-45<\/span><\/td>\n<td style=\"text-align: center;\"><span style=\"font-weight: 400;\">142<\/span><\/td>\n<td style=\"text-align: center;\"><span style=\"font-weight: 400;\">M\u00e1laga<\/span><\/td>\n<td style=\"text-align: center;\"><span style=\"font-weight: 400;\">115<\/span><\/td>\n<td style=\"text-align: center;\"><span style=\"font-weight: 400;\">Alto Las Pedrizas\u00a0<\/span><\/td>\n<td style=\"text-align: center;\"><span style=\"font-weight: 400;\">C\u00f3rdoba<\/span><\/td>\n<td style=\"text-align: center;\"><span style=\"font-weight: 400;\">17:00 &#8211; 24:00\u00a0<\/span><\/td>\n<\/tr>\n<\/tbody>\n<\/table>\n<h3><\/h3>\n<h3><span class=\"ez-toc-section\" id=\"Restricciones_camiones_2024_en_Cataluna\"><\/span><span style=\"color: #ff6600;\"><b>Restricciones camiones 2024 en Catalu\u00f1a<\/b><\/span><span class=\"ez-toc-section-end\"><\/span><\/h3>\n<p><span style=\"font-weight: 400;\">En la siguiente tabla encontrar\u00e1s las restricciones de camiones que aplican para lo que resta del 2024. Ten en cuenta que las siguientes condiciones est\u00e1n previstas para el traslado en Catalu\u00f1a de veh\u00edculos de m\u00e1s de 26 toneladas.<\/span><\/p>\n<table style=\"width: 101.845%; height: 268px;\">\n<tbody>\n<tr>\n<td style=\"text-align: center;\"><b>Ctra<\/b><\/td>\n<td style=\"text-align: center;\"><b>PK<\/b><\/td>\n<td style=\"text-align: center;\"><b>Inicio\u00a0<\/b><\/td>\n<td style=\"text-align: center;\"><b>PK<\/b><\/td>\n<td style=\"text-align: center;\"><b>Final<\/b><\/td>\n<td style=\"text-align: center;\"><b>Sentido<\/b><\/td>\n<td style=\"text-align: center;\"><b>Horario<\/b><\/td>\n<\/tr>\n<tr>\n<td style=\"text-align: center;\"><span style=\"font-weight: 400;\">N-II<\/span><\/td>\n<td style=\"text-align: center;\"><span style=\"font-weight: 400;\">773,5<\/span><\/td>\n<td style=\"text-align: center;\"><span style=\"font-weight: 400;\">La Jonquera<\/span><\/td>\n<td style=\"text-align: center;\"><span style=\"font-weight: 400;\">709<\/span><\/td>\n<td style=\"text-align: center;\"><span style=\"font-weight: 400;\">Fornells<\/span><\/td>\n<td style=\"text-align: center;\"><span style=\"font-weight: 400;\">Ambas direcciones<\/span><\/td>\n<td style=\"text-align: center;\"><span style=\"font-weight: 400;\">Permanente\u00a0<\/span><\/td>\n<\/tr>\n<tr>\n<td style=\"text-align: center;\"><span style=\"font-weight: 400;\">N-240<\/span><\/td>\n<td style=\"text-align: center;\"><span style=\"font-weight: 400;\">1058,4<\/span><\/td>\n<td style=\"text-align: center;\"><span style=\"font-weight: 400;\">Lleida<\/span><\/td>\n<td style=\"text-align: center;\"><span style=\"font-weight: 400;\">36,5<\/span><\/td>\n<td style=\"text-align: center;\"><span style=\"font-weight: 400;\">Montblanc<\/span><\/td>\n<td style=\"text-align: center;\"><span style=\"font-weight: 400;\">Ambas direcciones<\/span><\/td>\n<td style=\"text-align: center;\"><span style=\"font-weight: 400;\">Permanente<\/span><\/td>\n<\/tr>\n<tr>\n<td style=\"text-align: center;\"><span style=\"font-weight: 400;\">N-340<\/span><\/td>\n<td style=\"text-align: center;\"><span style=\"font-weight: 400;\">110<\/span><\/td>\n<td style=\"text-align: center;\"><span style=\"font-weight: 400;\">Alcanar<\/span><\/td>\n<td style=\"text-align: center;\"><span style=\"font-weight: 400;\">1122<\/span><\/td>\n<td style=\"text-align: center;\"><span style=\"font-weight: 400;\">L\u2019Hospitalet de l\u2019Infant\u00a0<\/span><\/td>\n<td style=\"text-align: center;\"><span style=\"font-weight: 400;\">Ambas direcciones<\/span><\/td>\n<td style=\"text-align: center;\"><span style=\"font-weight: 400;\">Permanente<\/span><\/td>\n<\/tr>\n<tr>\n<td style=\"text-align: center;\"><span style=\"font-weight: 400;\">N-340<\/span><\/td>\n<td style=\"text-align: center;\"><span style=\"font-weight: 400;\">1176,4<\/span><\/td>\n<td style=\"text-align: center;\"><span style=\"font-weight: 400;\">1176,4<\/span><\/td>\n<td style=\"text-align: center;\"><span style=\"font-weight: 400;\">1209,5<\/span><\/td>\n<td style=\"text-align: center;\"><span style=\"font-weight: 400;\">Vilafranca del Pened\u00e8s\u00a0<\/span><\/td>\n<td style=\"text-align: center;\"><span style=\"font-weight: 400;\">Ambas direcciones<\/span><\/td>\n<td style=\"text-align: center;\"><span style=\"font-weight: 400;\">Permanente<\/span><\/td>\n<\/tr>\n<\/tbody>\n<\/table>\n<p><span style=\"font-weight: 400;\">\u00bfTienes dudas sobre c\u00f3mo elegir el mejor seguro para tu veh\u00edculo de carga pesada? Tenemos justo la soluci\u00f3n que mereces, con un comparador cuya base de datos es muy extensa y est\u00e1 prevista para la b\u00fasqueda del mejor seguro en tiempo real.\u00a0<\/span><\/p>\n<table>\n<tbody>\n<tr>\n<td>\n<p style=\"text-align: center;\"><span style=\"font-weight: 400;\">\u00a1La tranquilidad que mereces a un clic de distancia! Usa GRATIS el <\/span><a title=\"comparador de seguros de camiones\" href=\"https:\/\/www.seguros-generales.es\/seguros-camion.html\" target=\"_blank\" rel=\"noopener\"><b>comparador de seguros de camiones<\/b><\/a> <span style=\"font-weight: 400;\">y obt\u00e9n la mejor p\u00f3liza.\u00a0<\/span><\/p>\n<\/td>\n<\/tr>\n<\/tbody>\n<\/table>\n<p>&nbsp;<\/p>\n<p>&nbsp;<\/p>\n","protected":false},"excerpt":{"rendered":"<p>Las restricciones de camiones 2024 fueron bastante variadas durante la temporada alta. As\u00ed que en los meses de Julio y Agosto el paso de camiones en la v\u00eda p\u00fablica se vio sometido a ciertas condiciones impuestas por el DGT. Esto se debe a que el desplazamiento de las personas que deciden irse de vacaciones por [&hellip;]<\/p>\n","protected":false},"author":3,"featured_media":1403,"comment_status":"open","ping_status":"open","sticky":false,"template":"","format":"standard","meta":{"_et_pb_use_builder":"","_et_pb_old_content":"","_et_gb_content_width":"","footnotes":""},"categories":[4],"tags":[896,894,893,892,897,895],"class_list":["post-1402","post","type-post","status-publish","format-standard","has-post-thumbnail","hentry","category-noticia","tag-horario-de-restriccion-de-camiones-hoy","tag-restriccion-para-camiones-hoy","tag-restricciones-de-camiones","tag-restricciones-de-camiones-2024","tag-restricciones-de-mercancias-peligrosas","tag-restricciones-para-camiones-este-fin-de-semana"],"_links":{"self":[{"href":"https:\/\/www.seguros-camiones.com\/blog\/wp-json\/wp\/v2\/posts\/1402","targetHints":{"allow":["GET"]}}],"collection":[{"href":"https:\/\/www.seguros-camiones.com\/blog\/wp-json\/wp\/v2\/posts"}],"about":[{"href":"https:\/\/www.seguros-camiones.com\/blog\/wp-json\/wp\/v2\/types\/post"}],"author":[{"embeddable":true,"href":"https:\/\/www.seguros-camiones.com\/blog\/wp-json\/wp\/v2\/users\/3"}],"replies":[{"embeddable":true,"href":"https:\/\/www.seguros-camiones.com\/blog\/wp-json\/wp\/v2\/comments?post=1402"}],"version-history":[{"count":3,"href":"https:\/\/www.seguros-camiones.com\/blog\/wp-json\/wp\/v2\/posts\/1402\/revisions"}],"predecessor-version":[{"id":1406,"href":"https:\/\/www.seguros-camiones.com\/blog\/wp-json\/wp\/v2\/posts\/1402\/revisions\/1406"}],"wp:featuredmedia":[{"embeddable":true,"href":"https:\/\/www.seguros-camiones.com\/blog\/wp-json\/wp\/v2\/media\/1403"}],"wp:attachment":[{"href":"https:\/\/www.seguros-camiones.com\/blog\/wp-json\/wp\/v2\/media?parent=1402"}],"wp:term":[{"taxonomy":"category","embeddable":true,"href":"https:\/\/www.seguros-camiones.com\/blog\/wp-json\/wp\/v2\/categories?post=1402"},{"taxonomy":"post_tag","embeddable":true,"href":"https:\/\/www.seguros-camiones.com\/blog\/wp-json\/wp\/v2\/tags?post=1402"}],"curies":[{"name":"wp","href":"https:\/\/api.w.org\/{rel}","templated":true}]}}