{"id":1420,"date":"2024-09-18T00:28:42","date_gmt":"2024-09-18T00:28:42","guid":{"rendered":"https:\/\/www.seguros-camiones.com\/blog\/?p=1420"},"modified":"2024-09-18T00:28:42","modified_gmt":"2024-09-18T00:28:42","slug":"accidente-en-ronda-litoral","status":"publish","type":"post","link":"https:\/\/www.seguros-camiones.com\/blog\/accidente-en-ronda-litoral\/09\/2024\/","title":{"rendered":"Un accidente en Ronda Litoral cobra la vida de un camionero en Barcelona"},"content":{"rendered":"<p><span style=\"font-weight: 400;\">Un accidente en Ronda Litoral dej\u00f3 como saldo un fallecido, se trata del camionero que abordaba el veh\u00edculo pesado en el momento de los hechos. Seg\u00fan informaci\u00f3n ofrecida por los presentes, <\/span><b>el conductor muri\u00f3 a los pocos minutos<\/b><span style=\"font-weight: 400;\"> despu\u00e9s del impacto.<\/span><\/p>\n<p><b>La tragedia ocurri\u00f3 en la Ronda Litoral (B10) de Barcelona<\/b><span style=\"font-weight: 400;\">, justo en sentido Llobregat y provoc\u00f3 largas colas kilom\u00e9tricas que alcanzaron la entrada a la ciudad. Servei Catal\u00e1 de Transit inform\u00f3 sobre los hechos y alert\u00f3 sobre el tr\u00e1fico.<\/span><\/p>\n<p><b>El paso por la carretera estuvo cortado durante tres horas <\/b><span style=\"font-weight: 400;\">aproximadamente, principalmente a causa de un incendio provocado por el choque del cami\u00f3n tr\u00e1iler, el cual al impactar con una mediana del tramo de la carretera se incendi\u00f3.\u00a0<\/span><\/p>\n<table>\n<tbody>\n<tr>\n<td><b>Post en tendencia: <\/b><a title=\"Mejores aseguradoras de camiones\" href=\"https:\/\/www.seguros-camiones.com\/blog\/mejores-aseguradoras\/02\/2023\/\" target=\"_blank\" rel=\"noopener\"><b>5 Mejores aseguradoras de camiones y sus beneficios<\/b><\/a><\/td>\n<\/tr>\n<\/tbody>\n<\/table>\n<h2><\/h2>\n<div id=\"ez-toc-container\" class=\"ez-toc-v2_0_82_2 counter-hierarchy ez-toc-counter ez-toc-grey ez-toc-container-direction\">\n<div class=\"ez-toc-title-container\">\n<p class=\"ez-toc-title\" style=\"cursor:inherit\">Table of Contents<\/p>\n<span class=\"ez-toc-title-toggle\"><a href=\"#\" class=\"ez-toc-pull-right ez-toc-btn ez-toc-btn-xs ez-toc-btn-default ez-toc-toggle\" aria-label=\"Alternar tabla de contenidos\"><span class=\"ez-toc-js-icon-con\"><span class=\"\"><span class=\"eztoc-hide\" style=\"display:none;\">Toggle<\/span><span class=\"ez-toc-icon-toggle-span\"><svg style=\"fill: #999;color:#999\" xmlns=\"http:\/\/www.w3.org\/2000\/svg\" class=\"list-377408\" width=\"20px\" height=\"20px\" viewBox=\"0 0 24 24\" fill=\"none\"><path d=\"M6 6H4v2h2V6zm14 0H8v2h12V6zM4 11h2v2H4v-2zm16 0H8v2h12v-2zM4 16h2v2H4v-2zm16 0H8v2h12v-2z\" fill=\"currentColor\"><\/path><\/svg><svg style=\"fill: #999;color:#999\" class=\"arrow-unsorted-368013\" xmlns=\"http:\/\/www.w3.org\/2000\/svg\" width=\"10px\" height=\"10px\" viewBox=\"0 0 24 24\" version=\"1.2\" baseProfile=\"tiny\"><path d=\"M18.2 9.3l-6.2-6.3-6.2 6.3c-.2.2-.3.4-.3.7s.1.5.3.7c.2.2.4.3.7.3h11c.3 0 .5-.1.7-.3.2-.2.3-.5.3-.7s-.1-.5-.3-.7zM5.8 14.7l6.2 6.3 6.2-6.3c.2-.2.3-.5.3-.7s-.1-.5-.3-.7c-.2-.2-.4-.3-.7-.3h-11c-.3 0-.5.1-.7.3-.2.2-.3.5-.3.7s.1.5.3.7z\"\/><\/svg><\/span><\/span><\/span><\/a><\/span><\/div>\n<nav><ul class='ez-toc-list ez-toc-list-level-1 ' ><li class='ez-toc-page-1 ez-toc-heading-level-2'><a class=\"ez-toc-link ez-toc-heading-1\" href=\"https:\/\/www.seguros-camiones.com\/blog\/accidente-en-ronda-litoral\/09\/2024\/#El_conductor_del_accidente_en_Ronda_Litoral_murio_al_instante\" >El conductor del accidente en Ronda Litoral muri\u00f3 al instante<\/a><\/li><li class='ez-toc-page-1 ez-toc-heading-level-2'><a class=\"ez-toc-link ez-toc-heading-2\" href=\"https:\/\/www.seguros-camiones.com\/blog\/accidente-en-ronda-litoral\/09\/2024\/#Fue_reabierta_la_Ronda_Litoral_tras_el_accidente\" >Fue reabierta la Ronda Litoral tras el accidente<\/a><\/li><li class='ez-toc-page-1 ez-toc-heading-level-2'><a class=\"ez-toc-link ez-toc-heading-3\" href=\"https:\/\/www.seguros-camiones.com\/blog\/accidente-en-ronda-litoral\/09\/2024\/#Un_triste_fallecimiento_por_un_accidente_complicado\" >Un triste fallecimiento por un accidente complicado<\/a><\/li><\/ul><\/nav><\/div>\n<h2><span class=\"ez-toc-section\" id=\"El_conductor_del_accidente_en_Ronda_Litoral_murio_al_instante\"><\/span><span style=\"color: #ff6600;\"><b>El conductor del accidente en Ronda Litoral muri\u00f3 al instante<\/b><\/span><span class=\"ez-toc-section-end\"><\/span><\/h2>\n<p><span style=\"font-weight: 400;\">Este martes 17 de septiembre se registr\u00f3 un grave accidente de tr\u00e1fico en Barcelona, un conductor a bordo de un cami\u00f3n tr\u00e1iler impact\u00f3 contra la mediana de la B-10. A los pocos minutos despu\u00e9s del impacto del veh\u00edculo sacaron al conductor a\u00fan con vida.<\/span><\/p>\n<p><b>El conductor estaba inconsciente <\/b><span style=\"font-weight: 400;\">y posterior a ser sacado del veh\u00edculo el cami\u00f3n comenz\u00f3 a incendiarse desde la cabina. Sin embargo, el hombre se encontraba muy grave y termin\u00f3 falleciendo pese a las estrategias de reanimaci\u00f3n de los bomberos.\u00a0<\/span><\/p>\n<p><span style=\"font-weight: 400;\">Tambi\u00e9n se dio a conocer que la Ronda Litoral <\/span><b>se mantuvo parcialmente cortada en sentido Llobregat<\/b><span style=\"font-weight: 400;\"> durante varias horas, lo cual produjo un alto flujo de tr\u00e1fico. Inicialmente se dej\u00f3 operativo un carril para la circulaci\u00f3n, pero el accidente afect\u00f3 varios tramos de esta zona de la ciudad.<\/span><\/p>\n<p><span style=\"font-weight: 400;\">Por ejemplo, las dificultades por el tr\u00e1fico dejaron privados los <\/span><b>accesos desde la C-58 en Ripollet y la C-33 en el sentido de la Llagosta.<\/b><span style=\"font-weight: 400;\"> Se contabiliz\u00f3 un promedio de 15 kil\u00f3metros de cola de diversos veh\u00edculos a causa del accidente.<\/span><\/p>\n<table>\n<tbody>\n<tr>\n<td>\n<p style=\"text-align: center;\"><b>\u00a1Tu p\u00f3liza ideal a precios competitivos! Usa el <a href=\"https:\/\/www.seguros-generales.es\/seguros-camion.html\" target=\"_blank\" rel=\"noopener\">comparador de seguros de camiones<\/a> y descubre excelentes opciones.\u00a0<\/b><\/p>\n<\/td>\n<\/tr>\n<\/tbody>\n<\/table>\n<p>&nbsp;<\/p>\n<h2><span class=\"ez-toc-section\" id=\"Fue_reabierta_la_Ronda_Litoral_tras_el_accidente\"><\/span><span style=\"color: #ff6600;\"><b>Fue reabierta la Ronda Litoral tras el accidente<\/b><\/span><span class=\"ez-toc-section-end\"><\/span><\/h2>\n<p><span style=\"font-weight: 400;\">Despu\u00e9s de tres horas con el tr\u00e1fico en aumento a causa del accidente en la Ronda Litoral en Barcelona, ya se inform\u00f3 que el acceso en la carretera fue reabierto. Las dificultades de este suceso estuvieron marcadas por un estrepitoso incendio que los bomberos intentaron corregir.<\/span><\/p>\n<p><span style=\"font-weight: 400;\">El accidente ocasion\u00f3 un efecto rebote con un colapso para permitir el ingreso a la ciudad desde otras v\u00edas. Y pasadas las 20:30 horas todav\u00eda hab\u00eda algunas retenciones por complicaciones viales.<\/span><\/p>\n<p><span style=\"font-weight: 400;\">Todo esto ocasion\u00f3 que la noche en Barcelona se volviera algo ca\u00f3tica a nivel del tr\u00e1fico. Pero avanzadas las horas la circulaci\u00f3n en las v\u00edas afectadas comenz\u00f3 a normalizarse.\u00a0<\/span><\/p>\n<table>\n<tbody>\n<tr>\n<td><b>Descubre: <\/b><a title=\"Restricciones de camiones 2024\" href=\"https:\/\/www.seguros-camiones.com\/blog\/restricciones-de-camiones-2024\/09\/2024\/\" target=\"_blank\" rel=\"noopener\"><b>Restricciones de camiones 2024 impuestas por DGT<\/b><\/a><\/td>\n<\/tr>\n<\/tbody>\n<\/table>\n<h2><\/h2>\n<h2><span class=\"ez-toc-section\" id=\"Un_triste_fallecimiento_por_un_accidente_complicado\"><\/span><span style=\"color: #ff6600;\"><b>Un triste fallecimiento por un accidente complicado<\/b><\/span><span class=\"ez-toc-section-end\"><\/span><\/h2>\n<p><span style=\"font-weight: 400;\">Hasta ahora no se han contabilizado m\u00e1s fallecidos por el accidente en Ronda Litoral en Barcelona. Pero desafortunadamente el conductor falleci\u00f3 casi al instante, todo esto abre paso a la reflexi\u00f3n sobre los riesgos adheridos a conducir un veh\u00edculo pesado.<\/span><\/p>\n<p><span style=\"font-weight: 400;\">Sin duda, contar con un <\/span><b>seguro para camiones pesados <\/b><span style=\"font-weight: 400;\">es fundamental para contar con un respaldo ante distintos tipos de siniestros. En Espa\u00f1a ha aumentado la cantidad de contrataciones de este tipo de p\u00f3lizas.\u00a0<\/span><\/p>\n","protected":false},"excerpt":{"rendered":"<p>Un accidente en Ronda Litoral dej\u00f3 como saldo un fallecido, se trata del camionero que abordaba el veh\u00edculo pesado en el momento de los hechos. Seg\u00fan informaci\u00f3n ofrecida por los presentes, el conductor muri\u00f3 a los pocos minutos despu\u00e9s del impacto. La tragedia ocurri\u00f3 en la Ronda Litoral (B10) de Barcelona, justo en sentido Llobregat [&hellip;]<\/p>\n","protected":false},"author":3,"featured_media":1421,"comment_status":"open","ping_status":"open","sticky":false,"template":"","format":"standard","meta":{"_et_pb_use_builder":"","_et_pb_old_content":"","_et_gb_content_width":"","footnotes":""},"categories":[4],"tags":[901,900,902,898,899],"class_list":["post-1420","post","type-post","status-publish","format-standard","has-post-thumbnail","hentry","category-noticia","tag-accidente-barcelona-hoy","tag-accidente-camion-barcelona","tag-accidente-de-camion-hoy","tag-accidente-ronda-litoral-hoy","tag-ronda-litoral-accidente"],"_links":{"self":[{"href":"https:\/\/www.seguros-camiones.com\/blog\/wp-json\/wp\/v2\/posts\/1420","targetHints":{"allow":["GET"]}}],"collection":[{"href":"https:\/\/www.seguros-camiones.com\/blog\/wp-json\/wp\/v2\/posts"}],"about":[{"href":"https:\/\/www.seguros-camiones.com\/blog\/wp-json\/wp\/v2\/types\/post"}],"author":[{"embeddable":true,"href":"https:\/\/www.seguros-camiones.com\/blog\/wp-json\/wp\/v2\/users\/3"}],"replies":[{"embeddable":true,"href":"https:\/\/www.seguros-camiones.com\/blog\/wp-json\/wp\/v2\/comments?post=1420"}],"version-history":[{"count":1,"href":"https:\/\/www.seguros-camiones.com\/blog\/wp-json\/wp\/v2\/posts\/1420\/revisions"}],"predecessor-version":[{"id":1422,"href":"https:\/\/www.seguros-camiones.com\/blog\/wp-json\/wp\/v2\/posts\/1420\/revisions\/1422"}],"wp:featuredmedia":[{"embeddable":true,"href":"https:\/\/www.seguros-camiones.com\/blog\/wp-json\/wp\/v2\/media\/1421"}],"wp:attachment":[{"href":"https:\/\/www.seguros-camiones.com\/blog\/wp-json\/wp\/v2\/media?parent=1420"}],"wp:term":[{"taxonomy":"category","embeddable":true,"href":"https:\/\/www.seguros-camiones.com\/blog\/wp-json\/wp\/v2\/categories?post=1420"},{"taxonomy":"post_tag","embeddable":true,"href":"https:\/\/www.seguros-camiones.com\/blog\/wp-json\/wp\/v2\/tags?post=1420"}],"curies":[{"name":"wp","href":"https:\/\/api.w.org\/{rel}","templated":true}]}}