{"id":1424,"date":"2024-09-29T18:46:03","date_gmt":"2024-09-29T18:46:03","guid":{"rendered":"https:\/\/www.seguros-camiones.com\/blog\/?p=1424"},"modified":"2024-09-29T18:46:03","modified_gmt":"2024-09-29T18:46:03","slug":"accidente-en-lleida","status":"publish","type":"post","link":"https:\/\/www.seguros-camiones.com\/blog\/accidente-en-lleida\/09\/2024\/","title":{"rendered":"Un accidente en Lleida cobra la vida de un camionero"},"content":{"rendered":"<p><span style=\"font-weight: 400;\">Un terrible accidente en Lleida termin\u00f3 con la vida de un camionero, en la colisi\u00f3n <\/span><b>resultaron 9 personas heridas<\/b><span style=\"font-weight: 400;\"> tras producirse un accidente m\u00faltiple. Seg\u00fan el reporte de la noticia, siete veh\u00edculos y un edificio estuvieron involucrados en el impacto.<\/span><\/p>\n<p><b>El siniestro se produjo en la entrada de Lleida<\/b><span style=\"font-weight: 400;\">, muy cercano a la localidad de Pont Nou. Los da\u00f1os fueron a parar no solo en el cami\u00f3n tr\u00e1iler, sino que termin\u00f3 empotrado contra un edificio y esto caus\u00f3 da\u00f1os en otros veh\u00edculos.<\/span><\/p>\n<p><span style=\"font-weight: 400;\">Hasta el momento no se conoce <\/span><b>cu\u00e1l fue la causa del accidente<\/b><span style=\"font-weight: 400;\"> que tuvo lugar en las inmediaciones de la calle Cos-Gay\u00f3n. La gravedad de los involucrados en el accidente a\u00fan no est\u00e1 bien esclarecida, pero se sabe que el accidente fue de alto impacto.<\/span><\/p>\n<table>\n<tbody>\n<tr>\n<td><b>Post en tendencia: <\/b><a title=\"Restricciones de camiones\" href=\"https:\/\/www.seguros-camiones.com\/blog\/restricciones-de-camiones-2024\/09\/2024\/\" target=\"_blank\" rel=\"noopener\"><b>Restricciones de camiones 2024 impuestas por DGT\u00a0<\/b><\/a><\/td>\n<\/tr>\n<\/tbody>\n<\/table>\n<h2><\/h2>\n<div id=\"ez-toc-container\" class=\"ez-toc-v2_0_82_2 counter-hierarchy ez-toc-counter ez-toc-grey ez-toc-container-direction\">\n<div class=\"ez-toc-title-container\">\n<p class=\"ez-toc-title\" style=\"cursor:inherit\">Table of Contents<\/p>\n<span class=\"ez-toc-title-toggle\"><a href=\"#\" class=\"ez-toc-pull-right ez-toc-btn ez-toc-btn-xs ez-toc-btn-default ez-toc-toggle\" aria-label=\"Alternar tabla de contenidos\"><span class=\"ez-toc-js-icon-con\"><span class=\"\"><span class=\"eztoc-hide\" style=\"display:none;\">Toggle<\/span><span class=\"ez-toc-icon-toggle-span\"><svg style=\"fill: #999;color:#999\" xmlns=\"http:\/\/www.w3.org\/2000\/svg\" class=\"list-377408\" width=\"20px\" height=\"20px\" viewBox=\"0 0 24 24\" fill=\"none\"><path d=\"M6 6H4v2h2V6zm14 0H8v2h12V6zM4 11h2v2H4v-2zm16 0H8v2h12v-2zM4 16h2v2H4v-2zm16 0H8v2h12v-2z\" fill=\"currentColor\"><\/path><\/svg><svg style=\"fill: #999;color:#999\" class=\"arrow-unsorted-368013\" xmlns=\"http:\/\/www.w3.org\/2000\/svg\" width=\"10px\" height=\"10px\" viewBox=\"0 0 24 24\" version=\"1.2\" baseProfile=\"tiny\"><path d=\"M18.2 9.3l-6.2-6.3-6.2 6.3c-.2.2-.3.4-.3.7s.1.5.3.7c.2.2.4.3.7.3h11c.3 0 .5-.1.7-.3.2-.2.3-.5.3-.7s-.1-.5-.3-.7zM5.8 14.7l6.2 6.3 6.2-6.3c.2-.2.3-.5.3-.7s-.1-.5-.3-.7c-.2-.2-.4-.3-.7-.3h-11c-.3 0-.5.1-.7.3-.2.2-.3.5-.3.7s.1.5.3.7z\"\/><\/svg><\/span><\/span><\/span><\/a><\/span><\/div>\n<nav><ul class='ez-toc-list ez-toc-list-level-1 ' ><li class='ez-toc-page-1 ez-toc-heading-level-2'><a class=\"ez-toc-link ez-toc-heading-1\" href=\"https:\/\/www.seguros-camiones.com\/blog\/accidente-en-lleida\/09\/2024\/#%C2%BFComo_se_produjo_el_accidente_en_Lleida\" >\u00bfC\u00f3mo se produjo el accidente en Lleida?<\/a><\/li><li class='ez-toc-page-1 ez-toc-heading-level-2'><a class=\"ez-toc-link ez-toc-heading-2\" href=\"https:\/\/www.seguros-camiones.com\/blog\/accidente-en-lleida\/09\/2024\/#%C2%BFCual_fue_la_causa_del_accidente_en_Lleida\" >\u00bfCu\u00e1l fue la causa del accidente en Lleida?<\/a><\/li><li class='ez-toc-page-1 ez-toc-heading-level-2'><a class=\"ez-toc-link ez-toc-heading-3\" href=\"https:\/\/www.seguros-camiones.com\/blog\/accidente-en-lleida\/09\/2024\/#%C2%BFQue_se_sabe_sobre_el_accidente_en_Lleida\" >\u00bfQu\u00e9 se sabe sobre el accidente en Lleida?<\/a><\/li><li class='ez-toc-page-1 ez-toc-heading-level-2'><a class=\"ez-toc-link ez-toc-heading-4\" href=\"https:\/\/www.seguros-camiones.com\/blog\/accidente-en-lleida\/09\/2024\/#%C2%BFEl_seguro_de_camiones_cubre_los_accidentes\" >\u00bfEl seguro de camiones cubre los accidentes?<\/a><\/li><\/ul><\/nav><\/div>\n<h2><span class=\"ez-toc-section\" id=\"%C2%BFComo_se_produjo_el_accidente_en_Lleida\"><\/span><span style=\"color: #ff6600;\"><b>\u00bfC\u00f3mo se produjo el accidente en Lleida?<\/b><\/span><span class=\"ez-toc-section-end\"><\/span><\/h2>\n<p><span style=\"font-weight: 400;\">Una de las principales dudas que surgen al momento en el que se presenta un accidente de cami\u00f3n, es comprender cu\u00e1l fue la causa. Se dio a conocer que el cami\u00f3n emprendi\u00f3 un camino en zig zag que <\/span><b>termin\u00f3 llegando hasta un edificio.<\/b><\/p>\n<p><span style=\"font-weight: 400;\">Como resultado del accidente en Lleida dos personas resultaron heridas de gravedad, uno tuvo un pron\u00f3stico de gravedad intermedia y otras seis personas fueron heridos leves. Se dio a conocer que los involucrados fueron trasladados al Hospital Universitario Arnau de Vilanova.<\/span><\/p>\n<p><span style=\"font-weight: 400;\">Hasta el momento el accidente en Lleida 2024 no ha dejado m\u00e1s v\u00edctimas mortales, a excepci\u00f3n del desafortunado conductor del veh\u00edculo de carga pesada quien falleci\u00f3 poco tiempo despu\u00e9s de haber ocurrido el siniestro.\u00a0<\/span><\/p>\n<table>\n<tbody>\n<tr>\n<td>\n<p style=\"text-align: center;\"><b>\u00a1Tu p\u00f3liza ideal a precios competitivos! Usa el <a title=\"comparador de seguros de camiones\" href=\"https:\/\/www.seguros-generales.es\/seguros-camion.html\" target=\"_blank\" rel=\"noopener\">comparador de seguros de camiones<\/a> y descubre excelentes opciones.\u00a0<\/b><\/p>\n<\/td>\n<\/tr>\n<\/tbody>\n<\/table>\n<h2><\/h2>\n<h2><span class=\"ez-toc-section\" id=\"%C2%BFCual_fue_la_causa_del_accidente_en_Lleida\"><\/span><span style=\"color: #ff6600;\"><b>\u00bfCu\u00e1l fue la causa del accidente en Lleida?<\/b><\/span><span class=\"ez-toc-section-end\"><\/span><\/h2>\n<p><span style=\"font-weight: 400;\">Al lugar de los hechos llegaron unidades de la Guardia Urbana y unidades de primeros auxilios. El principal aviso del suceso indic\u00f3 que un cami\u00f3n grande estaba <\/span><b>circulando de forma err\u00e1tica a la salida de la autopista<\/b><span style=\"font-weight: 400;\">, luego fue visto a la entrada de la ciudad.<\/span><\/p>\n<p><span style=\"font-weight: 400;\">Se conoce que una comisi\u00f3n de la Guardia Urbana se dar\u00e1 a la tarea de conocer las posibles causas detr\u00e1s del terrible accidente. El foco de la investigaci\u00f3n busca comprender el estado del conductor en el momento de los hechos y verificar si pudo tratarse de una complicada falla mec\u00e1nica.\u00a0<\/span><\/p>\n<p><span style=\"font-weight: 400;\">Adem\u00e1s, los agentes desempe\u00f1an sus labores para tratar de controlar el tr\u00e1fico, redirigiendo el flujo de veh\u00edculos hacia otro punto para desviar el acceso hacia la carretera de Zaragoza por el barrio de Cappont.<\/span><\/p>\n<table>\n<tbody>\n<tr>\n<td><b>Descubre: <\/b><a href=\"https:\/\/www.seguros-camiones.com\/blog\/volvo-trucks\/07\/2024\/\"><b>Mejores modelos de Volvo Trucks que debes conocer<\/b><\/a><\/td>\n<\/tr>\n<\/tbody>\n<\/table>\n<h2><\/h2>\n<h2><span class=\"ez-toc-section\" id=\"%C2%BFQue_se_sabe_sobre_el_accidente_en_Lleida\"><\/span><span style=\"color: #ff6600;\"><b>\u00bfQu\u00e9 se sabe sobre el accidente en Lleida?<\/b><\/span><span class=\"ez-toc-section-end\"><\/span><\/h2>\n<p><span style=\"font-weight: 400;\">Tambi\u00e9n se dio a conocer lo siguiente: <\/span><b><i>\u00abestamos a la espera del resultado de la autopsia, as\u00ed como de los datos que se extraer\u00e1n del tac\u00f3grafo del veh\u00edculo, para poder saber m\u00e1s cuidadosamente cu\u00e1les fueron las causas de este accidente\u00bb.<\/i><\/b><\/p>\n<p><span style=\"font-weight: 400;\">Un dato que ya es conocido es que el conductor no excedi\u00f3 el l\u00edmite de velocidad en la zona que es de 50 km\/h. Por lo que es indispensable conocer en detalle cu\u00e1l pudo ser la causa del terrible accidente.<\/span><\/p>\n<p><a href=\"https:\/\/www.seguros-generales.es\/seguros-camion.html\" target=\"_blank\" rel=\"noopener\"><img loading=\"lazy\" decoding=\"async\" class=\"aligncenter wp-image-1397 size-full\" title=\"comparador de seguros de camiones\" src=\"https:\/\/www.seguros-camiones.com\/blog\/wp-content\/uploads\/2024\/08\/CAMION-1.png\" alt=\"comparador de seguros de camiones\" width=\"600\" height=\"200\" srcset=\"https:\/\/www.seguros-camiones.com\/blog\/wp-content\/uploads\/2024\/08\/CAMION-1.png 600w, https:\/\/www.seguros-camiones.com\/blog\/wp-content\/uploads\/2024\/08\/CAMION-1-480x160.png 480w\" sizes=\"(min-width: 0px) and (max-width: 480px) 480px, (min-width: 481px) 600px, 100vw\" \/><\/a><\/p>\n<h2><span class=\"ez-toc-section\" id=\"%C2%BFEl_seguro_de_camiones_cubre_los_accidentes\"><\/span><span style=\"color: #ff6600;\"><b>\u00bfEl seguro de camiones cubre los accidentes?<\/b><\/span><span class=\"ez-toc-section-end\"><\/span><\/h2>\n<p><span style=\"font-weight: 400;\">En el mundo del transporte de mercanc\u00edas por carretera, los accidentes pueden ocurrir en cualquier momento, lo que resalta la importancia de contar con un seguro adecuado que brinde protecci\u00f3n tanto para el veh\u00edculo como para sus ocupantes en caso de eventualidades.\u00a0<\/span><\/p>\n<p><span style=\"font-weight: 400;\">En Espa\u00f1a, los seguros de camiones suelen cubrir una amplia gama de situaciones, incluidos los accidentes y los gastos m\u00e9dicos derivados de ellos. Aunque en este caso <\/span><b>es un seguro m\u00e1s completo <\/b><span style=\"font-weight: 400;\">y por esto, m\u00e1s costoso.\u00a0<\/span><\/p>\n<p><span style=\"font-weight: 400;\">Adem\u00e1s, la cobertura de gastos m\u00e9dicos suele incluir el reembolso de los costes asociados con el tratamiento m\u00e9dico de lesiones sufridas en un accidente de tr\u00e1fico.\u00a0<\/span><\/p>\n<p><span style=\"font-weight: 400;\">Esto puede abarcar desde la<\/span><b> atenci\u00f3n m\u00e9dica inmediata <\/b><span style=\"font-weight: 400;\">en el lugar del accidente hasta hospitalizaci\u00f3n, cirug\u00edas, rehabilitaci\u00f3n y otros gastos m\u00e9dicos necesarios para la recuperaci\u00f3n de los ocupantes del cami\u00f3n.\u00a0<\/span><\/p>\n<p><span style=\"font-weight: 400;\">Sin duda, esta cobertura es crucial para garantizar que los afectados reciban la atenci\u00f3n m\u00e9dica adecuada <\/span><b>sin incurrir en gastos financieros excesivos.\u00a0<\/b><\/p>\n","protected":false},"excerpt":{"rendered":"<p>Un terrible accidente en Lleida termin\u00f3 con la vida de un camionero, en la colisi\u00f3n resultaron 9 personas heridas tras producirse un accidente m\u00faltiple. Seg\u00fan el reporte de la noticia, siete veh\u00edculos y un edificio estuvieron involucrados en el impacto. El siniestro se produjo en la entrada de Lleida, muy cercano a la localidad de [&hellip;]<\/p>\n","protected":false},"author":3,"featured_media":1425,"comment_status":"open","ping_status":"open","sticky":false,"template":"","format":"standard","meta":{"_et_pb_use_builder":"","_et_pb_old_content":"","_et_gb_content_width":"","footnotes":""},"categories":[4],"tags":[903,906,905,904],"class_list":["post-1424","post","type-post","status-publish","format-standard","has-post-thumbnail","hentry","category-noticia","tag-accidente-en-lleida","tag-accidente-en-lleida-camion","tag-noticias-lleida","tag-que-paso-en-lleida"],"_links":{"self":[{"href":"https:\/\/www.seguros-camiones.com\/blog\/wp-json\/wp\/v2\/posts\/1424","targetHints":{"allow":["GET"]}}],"collection":[{"href":"https:\/\/www.seguros-camiones.com\/blog\/wp-json\/wp\/v2\/posts"}],"about":[{"href":"https:\/\/www.seguros-camiones.com\/blog\/wp-json\/wp\/v2\/types\/post"}],"author":[{"embeddable":true,"href":"https:\/\/www.seguros-camiones.com\/blog\/wp-json\/wp\/v2\/users\/3"}],"replies":[{"embeddable":true,"href":"https:\/\/www.seguros-camiones.com\/blog\/wp-json\/wp\/v2\/comments?post=1424"}],"version-history":[{"count":2,"href":"https:\/\/www.seguros-camiones.com\/blog\/wp-json\/wp\/v2\/posts\/1424\/revisions"}],"predecessor-version":[{"id":1427,"href":"https:\/\/www.seguros-camiones.com\/blog\/wp-json\/wp\/v2\/posts\/1424\/revisions\/1427"}],"wp:featuredmedia":[{"embeddable":true,"href":"https:\/\/www.seguros-camiones.com\/blog\/wp-json\/wp\/v2\/media\/1425"}],"wp:attachment":[{"href":"https:\/\/www.seguros-camiones.com\/blog\/wp-json\/wp\/v2\/media?parent=1424"}],"wp:term":[{"taxonomy":"category","embeddable":true,"href":"https:\/\/www.seguros-camiones.com\/blog\/wp-json\/wp\/v2\/categories?post=1424"},{"taxonomy":"post_tag","embeddable":true,"href":"https:\/\/www.seguros-camiones.com\/blog\/wp-json\/wp\/v2\/tags?post=1424"}],"curies":[{"name":"wp","href":"https:\/\/api.w.org\/{rel}","templated":true}]}}