{"id":1473,"date":"2025-04-30T06:00:56","date_gmt":"2025-04-30T06:00:56","guid":{"rendered":"https:\/\/www.seguros-camiones.com\/blog\/?p=1473"},"modified":"2025-04-30T06:00:56","modified_gmt":"2025-04-30T06:00:56","slug":"el-apagon-de-espana","status":"publish","type":"post","link":"https:\/\/www.seguros-camiones.com\/blog\/el-apagon-de-espana\/04\/2025\/","title":{"rendered":"As\u00ed vivieron los supermercados el apag\u00f3n de Espa\u00f1a"},"content":{"rendered":"<p><span style=\"font-weight: 400;\">El <\/span><b>apag\u00f3n de Espa\u00f1a<\/b><span style=\"font-weight: 400;\"> del pasado lunes dej\u00f3 una huella significativa en distintos sectores, pero uno de los m\u00e1s afectados fue, sin duda, el de la distribuci\u00f3n alimentaria.\u00a0<\/span><\/p>\n<p><span style=\"font-weight: 400;\">En cuesti\u00f3n de minutos, el suministro el\u00e9ctrico se interrumpi\u00f3 en buena parte del pa\u00eds, afectando tanto la cadena de fr\u00edo como el funcionamiento de sistemas electr\u00f3nicos en supermercados, plantas de producci\u00f3n y plataformas log\u00edsticas.<\/span><\/p>\n<p><span style=\"font-weight: 400;\">En medio del caos, los <\/span><b>supermercados se convirtieron nuevamente en protagonistas<\/b><span style=\"font-weight: 400;\"> de una crisis, recordando escenas vividas durante la pandemia.\u00a0<\/span><\/p>\n<p><span style=\"font-weight: 400;\">Esta vez, la incertidumbre generada por la falta de informaci\u00f3n y la preocupaci\u00f3n por una posible repetici\u00f3n del evento empujaron a muchos consumidores al acopio masivo de productos b\u00e1sicos, alterando temporalmente el equilibrio de abastecimiento.<\/span><\/p>\n<table>\n<tbody>\n<tr>\n<td><b>Descubre: <\/b><a href=\"https:\/\/noticias.seguros-generales.es\/2025\/02\/04\/cambio-de-hora-2025\/\" target=\"_blank\" rel=\"noopener\"><b>\u00a1INS\u00d3LITO! Cambio de hora se adelanta este 2025<\/b><\/a><\/td>\n<\/tr>\n<\/tbody>\n<\/table>\n<div id=\"ez-toc-container\" class=\"ez-toc-v2_0_87 counter-hierarchy ez-toc-counter ez-toc-grey ez-toc-container-direction\">\n<div class=\"ez-toc-title-container\">\n<p class=\"ez-toc-title\" style=\"cursor:inherit\">Table of Contents<\/p>\n<span class=\"ez-toc-title-toggle\"><a href=\"#\" class=\"ez-toc-pull-right ez-toc-btn ez-toc-btn-xs ez-toc-btn-default ez-toc-toggle\" aria-label=\"Alternar tabla de contenidos\"><span class=\"ez-toc-js-icon-con\"><span class=\"\"><span class=\"eztoc-hide\" style=\"display:none;\">Toggle<\/span><span class=\"ez-toc-icon-toggle-span\"><svg style=\"fill: #999;color:#999\" xmlns=\"http:\/\/www.w3.org\/2000\/svg\" class=\"list-377408\" width=\"20px\" height=\"20px\" viewBox=\"0 0 24 24\" fill=\"none\"><path d=\"M6 6H4v2h2V6zm14 0H8v2h12V6zM4 11h2v2H4v-2zm16 0H8v2h12v-2zM4 16h2v2H4v-2zm16 0H8v2h12v-2z\" fill=\"currentColor\"><\/path><\/svg><svg style=\"fill: #999;color:#999\" class=\"arrow-unsorted-368013\" xmlns=\"http:\/\/www.w3.org\/2000\/svg\" width=\"10px\" height=\"10px\" viewBox=\"0 0 24 24\" version=\"1.2\" baseProfile=\"tiny\"><path d=\"M18.2 9.3l-6.2-6.3-6.2 6.3c-.2.2-.3.4-.3.7s.1.5.3.7c.2.2.4.3.7.3h11c.3 0 .5-.1.7-.3.2-.2.3-.5.3-.7s-.1-.5-.3-.7zM5.8 14.7l6.2 6.3 6.2-6.3c.2-.2.3-.5.3-.7s-.1-.5-.3-.7c-.2-.2-.4-.3-.7-.3h-11c-.3 0-.5.1-.7.3-.2.2-.3.5-.3.7s.1.5.3.7z\"\/><\/svg><\/span><\/span><\/span><\/a><\/span><\/div>\n<nav><ul class='ez-toc-list ez-toc-list-level-1 ' ><li class='ez-toc-page-1 ez-toc-heading-level-2'><a class=\"ez-toc-link ez-toc-heading-1\" href=\"https:\/\/www.seguros-camiones.com\/blog\/el-apagon-de-espana\/04\/2025\/#El_rol_de_los_supermercados_tras_el_apagon_de_Espana\" >El rol de los supermercados tras el apag\u00f3n de Espa\u00f1a<\/a><ul class='ez-toc-list-level-3' ><li class='ez-toc-heading-level-3'><a class=\"ez-toc-link ez-toc-heading-2\" href=\"https:\/\/www.seguros-camiones.com\/blog\/el-apagon-de-espana\/04\/2025\/#Escenas_de_acopio_y_estanterias_vacias\" >Escenas de acopio y estanter\u00edas vac\u00edas<\/a><\/li><\/ul><\/li><li class='ez-toc-page-1 ez-toc-heading-level-2'><a class=\"ez-toc-link ez-toc-heading-3\" href=\"https:\/\/www.seguros-camiones.com\/blog\/el-apagon-de-espana\/04\/2025\/#Industrias_afectadas_en_la_cadena_alimentaria\" >Industrias afectadas en la cadena alimentaria<\/a><\/li><li class='ez-toc-page-1 ez-toc-heading-level-2'><a class=\"ez-toc-link ez-toc-heading-4\" href=\"https:\/\/www.seguros-camiones.com\/blog\/el-apagon-de-espana\/04\/2025\/#%C2%BFComo_respondieron_las_plataformas_logisticas\" >\u00bfC\u00f3mo respondieron las plataformas log\u00edsticas?<\/a><\/li><\/ul><\/nav><\/div>\n<h2><span class=\"ez-toc-section\" id=\"El_rol_de_los_supermercados_tras_el_apagon_de_Espana\"><\/span><span style=\"color: #ff6600;\"><b>El rol de los supermercados tras el apag\u00f3n de Espa\u00f1a<\/b><\/span><span class=\"ez-toc-section-end\"><\/span><\/h2>\n<p><span style=\"font-weight: 400;\">Durante las primeras horas posteriores al <\/span><b>apag\u00f3n de Espa\u00f1a<\/b><span style=\"font-weight: 400;\">, las grandes cadenas activaron sus protocolos de emergencia. Algunas tiendas lograron continuar sus operaciones gracias al uso de generadores propios.<\/span><\/p>\n<p><span style=\"font-weight: 400;\">Mientras que otras se vieron obligadas a cerrar de forma preventiva por la p\u00e9rdida de refrigeraci\u00f3n y sistemas de pago. Las secciones de <\/span><b>productos perecederos<\/b><span style=\"font-weight: 400;\"> fueron las m\u00e1s vulnerables.<\/span><\/p>\n<p><a href=\"https:\/\/www.seguros-generales.es\/seguros-camion.html\" target=\"_blank\" rel=\"noopener\"><img loading=\"lazy\" decoding=\"async\" class=\"aligncenter wp-image-1397 size-full\" title=\"comparador de seguros de camiones\" src=\"https:\/\/www.seguros-camiones.com\/blog\/wp-content\/uploads\/2024\/08\/CAMION-1.png\" alt=\"comparador de seguros de camiones\" width=\"600\" height=\"200\" srcset=\"https:\/\/www.seguros-camiones.com\/blog\/wp-content\/uploads\/2024\/08\/CAMION-1.png 600w, https:\/\/www.seguros-camiones.com\/blog\/wp-content\/uploads\/2024\/08\/CAMION-1-480x160.png 480w\" sizes=\"(min-width: 0px) and (max-width: 480px) 480px, (min-width: 481px) 600px, 100vw\" \/><\/a><\/p>\n<p><span style=\"font-weight: 400;\">Los responsables de supermercados priorizaron retirar r\u00e1pidamente los alimentos que pod\u00edan haber perdido la cadena de fr\u00edo, garantizando as\u00ed la seguridad alimentaria. Este proceso, aunque efectivo, gener\u00f3 mermas econ\u00f3micas importantes que todav\u00eda est\u00e1n siendo evaluadas por cada empresa.<\/span><\/p>\n<h3><span class=\"ez-toc-section\" id=\"Escenas_de_acopio_y_estanterias_vacias\"><\/span><span style=\"color: #ff6600;\"><b>Escenas de acopio y estanter\u00edas vac\u00edas<\/b><\/span><span class=\"ez-toc-section-end\"><\/span><\/h3>\n<p><span style=\"font-weight: 400;\">Uno de los efectos inmediatos del <\/span><b>apag\u00f3n de Espa\u00f1a<\/b><span style=\"font-weight: 400;\"> fue el miedo colectivo al desabastecimiento. Esto provoc\u00f3 que muchas personas corrieran a llenar sus carros con productos <\/span><b>no perecederos como agua, latas de conservas, arroz<\/b><span style=\"font-weight: 400;\">, legumbres y papel higi\u00e9nico.\u00a0<\/span><\/p>\n<p><span style=\"font-weight: 400;\">En algunas tiendas, estos art\u00edculos se agotaron r\u00e1pidamente, especialmente los de marcas econ\u00f3micas. Las asociaciones del sector, como Asedas, hicieron un llamado a la calma y al consumo responsable, asegurando que no exist\u00eda riesgo real de escasez.\u00a0<\/span><\/p>\n<p><span style=\"font-weight: 400;\">Sin embargo, el recuerdo de anteriores episodios de compras masivas \u2014como los vividos durante la pandemia o al inicio de la guerra en Ucrania\u2014 volvi\u00f3 a generar tensiones en los puntos de venta.<\/span><\/p>\n<table>\n<tbody>\n<tr>\n<td>\n<p style=\"text-align: center;\"><span style=\"font-weight: 400;\">\u00bfEst\u00e1s pensando en adquirir una nueva p\u00f3liza? \u00a1Te ayudamos a conseguir la mejor opci\u00f3n a un precio impresionante con el <\/span><a href=\"https:\/\/www.seguros-generales.es\/seguros-camion.html\" target=\"_blank\" rel=\"noopener\"><b>comparador de seguros de camiones<\/b><\/a><b>.<\/b><\/p>\n<\/td>\n<\/tr>\n<\/tbody>\n<\/table>\n<h2><span class=\"ez-toc-section\" id=\"Industrias_afectadas_en_la_cadena_alimentaria\"><\/span><span style=\"color: #ff6600;\"><b>Industrias afectadas en la cadena alimentaria<\/b><\/span><span class=\"ez-toc-section-end\"><\/span><\/h2>\n<p><span style=\"font-weight: 400;\">M\u00e1s all\u00e1 del comercio minorista, el <\/span><b>apag\u00f3n de Espa\u00f1a<\/b><span style=\"font-weight: 400;\"> golpe\u00f3 con fuerza a las industrias de producci\u00f3n alimentaria, en especial al sector c\u00e1rnico y l\u00e1cteo. Las organizaciones ANICE y FECIC calcularon p\u00e9rdidas iniciales de hasta 190 millones de euros por productos decomisados y procesos interrumpidos.\u00a0<\/span><\/p>\n<p><span style=\"font-weight: 400;\">Algunas plantas, al no contar con sistemas de respaldo suficientes, vieron afectada su producci\u00f3n durante horas cruciales.<\/span><\/p>\n<p><span style=\"font-weight: 400;\">La industria l\u00e1ctea tambi\u00e9n sufri\u00f3 impactos. Aunque algunas empresas como La Fageda reportaron da\u00f1os m\u00ednimos, otras como Danone tuvieron que detener operaciones hasta la recuperaci\u00f3n total de la energ\u00eda.\u00a0<\/span><\/p>\n<p><span style=\"font-weight: 400;\">A pesar de ello, la calidad de los productos no se vio comprometida gracias a las medidas correctivas aplicadas con rapidez.<\/span><\/p>\n<table>\n<tbody>\n<tr>\n<td><b>Descubre: <\/b><a href=\"https:\/\/www.seguros-autocaravanas.es\/blog\/autocaravana-en-verano\/04\/2025\/\" target=\"_blank\" rel=\"noopener\"><b>8 consejos para viajar en autocaravana en verano<\/b><\/a><\/td>\n<\/tr>\n<\/tbody>\n<\/table>\n<h2><span class=\"ez-toc-section\" id=\"%C2%BFComo_respondieron_las_plataformas_logisticas\"><\/span><span style=\"color: #ff6600;\"><b>\u00bfC\u00f3mo respondieron las plataformas log\u00edsticas?<\/b><\/span><span class=\"ez-toc-section-end\"><\/span><\/h2>\n<p><span style=\"font-weight: 400;\">El transporte de alimentos fue otra pieza clave durante la recuperaci\u00f3n. Las plataformas log\u00edsticas, fundamentales para el abastecimiento de tiendas, lograron restablecer su actividad con rapidez una vez se restableci\u00f3 la energ\u00eda.<\/span><\/p>\n<p><span style=\"font-weight: 400;\">\u00a0Las entregas, aunque con algunos retrasos, llegaron a sus destinos, y los supermercados pudieron abrir con normalidad al d\u00eda siguiente.<\/span><\/p>\n<p><span style=\"font-weight: 400;\">Seg\u00fan fuentes del sector, la mayor\u00eda de los comercios estaban operativos 24 horas despu\u00e9s del corte el\u00e9ctrico, lo que evidencia cierta preparaci\u00f3n ante este tipo de emergencias. Aun as\u00ed, qued\u00f3 en evidencia que una <\/span><b>mejora en la infraestructura de respaldo energ\u00e9tico<\/b><span style=\"font-weight: 400;\"> podr\u00eda evitar da\u00f1os mayores en futuros incidentes.<\/span><\/p>\n<p><span style=\"font-weight: 400;\">Mientras las cadenas de distribuci\u00f3n trataban de mantener el orden y el suministro, el Gobierno enfrentaba cr\u00edticas por su falta de claridad ante el origen del <\/span><b>apag\u00f3n de Espa\u00f1a<\/b><span style=\"font-weight: 400;\">. Aunque se ha se\u00f1alado a fallos en la red el\u00e9ctrica y posibles responsabilidades compartidas entre operadores p\u00fablicos y privados, a\u00fan no se ha ofrecido una explicaci\u00f3n concluyente.<\/span><\/p>\n","protected":false},"excerpt":{"rendered":"<p>El apag\u00f3n de Espa\u00f1a del pasado lunes dej\u00f3 una huella significativa en distintos sectores, pero uno de los m\u00e1s afectados fue, sin duda, el de la distribuci\u00f3n alimentaria.\u00a0 En cuesti\u00f3n de minutos, el suministro el\u00e9ctrico se interrumpi\u00f3 en buena parte del pa\u00eds, afectando tanto la cadena de fr\u00edo como el funcionamiento de sistemas electr\u00f3nicos en [&hellip;]<\/p>\n","protected":false},"author":3,"featured_media":1474,"comment_status":"open","ping_status":"open","sticky":false,"template":"","format":"standard","meta":{"_et_pb_use_builder":"","_et_pb_old_content":"","_et_gb_content_width":"","footnotes":""},"categories":[4],"tags":[],"class_list":["post-1473","post","type-post","status-publish","format-standard","has-post-thumbnail","hentry","category-noticia"],"_links":{"self":[{"href":"https:\/\/www.seguros-camiones.com\/blog\/wp-json\/wp\/v2\/posts\/1473","targetHints":{"allow":["GET"]}}],"collection":[{"href":"https:\/\/www.seguros-camiones.com\/blog\/wp-json\/wp\/v2\/posts"}],"about":[{"href":"https:\/\/www.seguros-camiones.com\/blog\/wp-json\/wp\/v2\/types\/post"}],"author":[{"embeddable":true,"href":"https:\/\/www.seguros-camiones.com\/blog\/wp-json\/wp\/v2\/users\/3"}],"replies":[{"embeddable":true,"href":"https:\/\/www.seguros-camiones.com\/blog\/wp-json\/wp\/v2\/comments?post=1473"}],"version-history":[{"count":1,"href":"https:\/\/www.seguros-camiones.com\/blog\/wp-json\/wp\/v2\/posts\/1473\/revisions"}],"predecessor-version":[{"id":1475,"href":"https:\/\/www.seguros-camiones.com\/blog\/wp-json\/wp\/v2\/posts\/1473\/revisions\/1475"}],"wp:featuredmedia":[{"embeddable":true,"href":"https:\/\/www.seguros-camiones.com\/blog\/wp-json\/wp\/v2\/media\/1474"}],"wp:attachment":[{"href":"https:\/\/www.seguros-camiones.com\/blog\/wp-json\/wp\/v2\/media?parent=1473"}],"wp:term":[{"taxonomy":"category","embeddable":true,"href":"https:\/\/www.seguros-camiones.com\/blog\/wp-json\/wp\/v2\/categories?post=1473"},{"taxonomy":"post_tag","embeddable":true,"href":"https:\/\/www.seguros-camiones.com\/blog\/wp-json\/wp\/v2\/tags?post=1473"}],"curies":[{"name":"wp","href":"https:\/\/api.w.org\/{rel}","templated":true}]}}