{"id":186,"date":"2018-08-30T08:55:43","date_gmt":"2018-08-30T08:55:43","guid":{"rendered":"https:\/\/www.seguros-camiones.com\/blog\/?p=186"},"modified":"2024-08-03T04:56:30","modified_gmt":"2024-08-03T04:56:30","slug":"vuelca-camion-cisterna-en-la-ap-68","status":"publish","type":"post","link":"https:\/\/www.seguros-camiones.com\/blog\/vuelca-camion-cisterna-en-la-ap-68\/08\/2018\/","title":{"rendered":"Vuelca cami\u00f3n cisterna en la AP-68"},"content":{"rendered":"<p>Vuelca Cami\u00f3n en la AP-68 aproximadamente a las 10 de la ma\u00f1ana a la altura del km 62 en la Ribera baja. Las autoridades de rescate del cuerpo de bomberos llegaron al sitio tras el llamado de los transe\u00fantes a prestar ayuda.<\/p>\n<p>En esta oportunidad se avocaron los Bomberos de \u00c1lava quienes han estado trabajando las \u00faltimas 10 horas. El cami\u00f3n accidentado es una cisterna contenedora de material combustible. Por lo que el esfuerzo se debe a la adecuada contenci\u00f3n de alg\u00fan posible derrame de mercanc\u00eda.<\/p>\n<p style=\"text-align: center;\"><a href=\"https:\/\/www.seguros-generales.es\/seguros-camion.html\" target=\"_blank\" rel=\"noopener\"><em><strong>\u00bfSabes cuales son los seguros de cami\u00f3n con los mejores precios del mercado? haz clic aqu\u00ed y\u00a0<\/strong><\/em><b><i>ent\u00e9rate<\/i><\/b><\/a><\/p>\n<p>En el veh\u00edculo s\u00f3lo iba el conductor qui\u00e9n fue trasladado de manera oportuna al centro asistencial m\u00e1s cercano. El camionero fue ingresado en el Hospital de Santiago con lesiones graves que ponen en peligro su vida.<\/p>\n<p>A primeras horas de la ma\u00f1ana de hoy el cami\u00f3n cargado de qu\u00edmicos peligrosos y de alto riesgo volc\u00f3. Seg\u00fan lo reporta el Departamento de Seguridad del Gobierno Vasco el cami\u00f3n iba por la AP-68 en \u00c1lava hacia Bilbao.<\/p>\n<p>Por razones que se desconocen el cami\u00f3n cisterna que trasladaba resina ha dado un vuelco saliendo de la calzada. Aunque ha quedado volteado en la mediana fuera de la v\u00eda se tom\u00f3 como precauci\u00f3n el cierre del carril izquierdo. De esa manera los bomberos pueden hacer labores de limpieza sin registrar retenciones en la v\u00eda.<\/p>\n<p>El contenido del cami\u00f3n consist\u00eda en resina y tambi\u00e9n se ha informado de una fuga de gasoil. La resina es un elemento inflamable por lo que el equipo de rescate labora con suma precauci\u00f3n para evitar alg\u00fan incendio.<\/p>\n<p>En los predios municipales de \u00c1lava en horas de la tarde el carril izquierdo con sentido a Bilbao continuaba cerrado. Aunque a no estaban los cuerpos de rescate. Inform\u00f3 la polic\u00eda aut\u00f3noma La <em>Ertzaintza<\/em> del Pa\u00eds Vasco \u00abvuelca cami\u00f3n y se extrema precausi\u00f3n por la AP-68\u00bb.<\/p>\n<h2><span style=\"color: #ff6600;\">Otros Accidentes adem\u00e1s del Vuelco de cami\u00f3n<\/span><\/h2>\n<p>Esta informaci\u00f3n tambi\u00e9n fue emitida v\u00eda twitter por los Bomberos de \u00c1lava, quienes han reportado otros accidentes:<\/p>\n<ul>\n<li>En la arteria vial alavesa se ha provocado otro accidente en la A-1, Vitoria el kil\u00f3metro 351. En el sentido a Ir\u00fan han impactado un coche y un cami\u00f3n en el empalme con la N-622. Por lo que permanece un carril cerrado.<\/li>\n<li>Y en Vitoria en la uni\u00f3n entre las avenidas Zabalgana y las Naciones Unidas han colisionado dos turismos. El impacto producido a las 11:55am ha volcado uno de los autos. Los servicios de emergencia rescataron a su conductora. Quien a pesar de tener una contusi\u00f3n en el cuello no parece ser de gravedad.<\/li>\n<li>En la calle Ourense bomberos, polic\u00eda local y protecci\u00f3n civil han acudido al auxilio de un auto en llamas. La intervenci\u00f3n ocurri\u00f3 en horas de la ma\u00f1ana cuando la conductora del veh\u00edculo detuvo al ver que sal\u00eda humo. Con la salvedad de que se encontraba en la entrada de Cangas frente al cuartel de la Guardia Civil. La joven que ven\u00eda del Corredor de O Morrazo a visitar una amiga en Cangas, y fue asistida de inmediato. El incendio fue extinguido sin ninguna novedad ni v\u00edctimas personales que lamentar. Adem\u00e1s de una breve tranca en el tr\u00e1fico.<\/li>\n<li>La Ertzaintza ha cortado el tr\u00e1fico en la N-1 en la regi\u00f3n guipuzcoana de Villabona sentido Vitoria. El Departamento de Seguridad vasco inform\u00f3 que el cami\u00f3n cort\u00f3 el paso por los dos carriles hacia la capital. El accidente se registr\u00f3 a las 17:35 en la carretera N-1, el kil\u00f3metro 444entre Villabona y Andoain. El cami\u00f3n se ha hecho tijera y no se informa de ninguna persona lesionada.<\/li>\n<\/ul>\n<p style=\"text-align: center;\"><span style=\"color: #000000;\"><strong><em>Notas de inter\u00e9s<\/em><\/strong><\/span><\/p>\n<p style=\"text-align: center;\"><span style=\"color: #000000;\"><strong><em>La Ertzaintza es la polic\u00eda aut\u00f3noma del Pa\u00eds Vasco, una comunidad espa\u00f1ola. Fundada en e 1982 como descendiente de la Ertza\u00f1a creada en la Guerra Civil Espa\u00f1ola. Forma parte de los cuerpos de seguridad del estado espa\u00f1ol, la Polic\u00eda Foral de Navarra, Mozos de Escuadra y Polic\u00eda Canaria. Cada uno de sus agentes se denominan ertzana que significa cuidador del pueblo y sus comisar\u00edas son casas ertzainas. La mayor\u00eda de sus agentes son varones y est\u00e1n dispuestos en 25 comisar\u00edas y oficinas al p\u00fablico. Es la polic\u00eda integral y abarca diferentes competencias a lo largo y ancho del Pa\u00eds Vasco. Se ocupa de la seguridad ciudadana, juegos y espect\u00e1culos, orden p\u00fablico y como vimos hoy tambi\u00e9n se ocupa del tr\u00e1fico. Depende como es de suponerse del Departamento de Seguridad por lo que efect\u00faa investigaciones y lucha antiterrorista y polic\u00eda judicial.<\/em><\/strong><\/span><\/p>\n<p style=\"text-align: center;\"><a href=\"https:\/\/www.seguros-generales.es\/seguros-camion.html\" target=\"_blank\" rel=\"noopener\"><em><strong>\u00bfSabes cuales son los seguros de cami\u00f3n con los mejores precios del mercado? haz clic aqu\u00ed y\u00a0<\/strong><\/em><b><i>ent\u00e9rate<\/i><\/b><\/a><\/p>\n","protected":false},"excerpt":{"rendered":"<p>Vuelca Cami\u00f3n en la AP-68 aproximadamente a las 10 de la ma\u00f1ana a la altura del km 62 en la Ribera baja. Las autoridades de rescate del cuerpo de bomberos llegaron al sitio tras el llamado de los transe\u00fantes a prestar ayuda. En esta oportunidad se avocaron los Bomberos de \u00c1lava quienes han estado trabajando [&hellip;]<\/p>\n","protected":false},"author":1,"featured_media":188,"comment_status":"open","ping_status":"open","sticky":false,"template":"","format":"standard","meta":{"_et_pb_use_builder":"","_et_pb_old_content":"","_et_gb_content_width":"","footnotes":""},"categories":[13],"tags":[12,11,52],"class_list":["post-186","post","type-post","status-publish","format-standard","has-post-thumbnail","hentry","category-accidentes","tag-camion","tag-camion-cisterna","tag-vuelca-camion"],"_links":{"self":[{"href":"https:\/\/www.seguros-camiones.com\/blog\/wp-json\/wp\/v2\/posts\/186","targetHints":{"allow":["GET"]}}],"collection":[{"href":"https:\/\/www.seguros-camiones.com\/blog\/wp-json\/wp\/v2\/posts"}],"about":[{"href":"https:\/\/www.seguros-camiones.com\/blog\/wp-json\/wp\/v2\/types\/post"}],"author":[{"embeddable":true,"href":"https:\/\/www.seguros-camiones.com\/blog\/wp-json\/wp\/v2\/users\/1"}],"replies":[{"embeddable":true,"href":"https:\/\/www.seguros-camiones.com\/blog\/wp-json\/wp\/v2\/comments?post=186"}],"version-history":[{"count":2,"href":"https:\/\/www.seguros-camiones.com\/blog\/wp-json\/wp\/v2\/posts\/186\/revisions"}],"predecessor-version":[{"id":1377,"href":"https:\/\/www.seguros-camiones.com\/blog\/wp-json\/wp\/v2\/posts\/186\/revisions\/1377"}],"wp:featuredmedia":[{"embeddable":true,"href":"https:\/\/www.seguros-camiones.com\/blog\/wp-json\/wp\/v2\/media\/188"}],"wp:attachment":[{"href":"https:\/\/www.seguros-camiones.com\/blog\/wp-json\/wp\/v2\/media?parent=186"}],"wp:term":[{"taxonomy":"category","embeddable":true,"href":"https:\/\/www.seguros-camiones.com\/blog\/wp-json\/wp\/v2\/categories?post=186"},{"taxonomy":"post_tag","embeddable":true,"href":"https:\/\/www.seguros-camiones.com\/blog\/wp-json\/wp\/v2\/tags?post=186"}],"curies":[{"name":"wp","href":"https:\/\/api.w.org\/{rel}","templated":true}]}}