{"id":200,"date":"2018-09-03T18:16:31","date_gmt":"2018-09-03T18:16:31","guid":{"rendered":"https:\/\/www.seguros-camiones.com\/blog\/?p=200"},"modified":"2024-08-03T04:55:55","modified_gmt":"2024-08-03T04:55:55","slug":"choque-entre-camion-y-un-coche","status":"publish","type":"post","link":"https:\/\/www.seguros-camiones.com\/blog\/choque-entre-camion-y-un-coche\/09\/2018\/","title":{"rendered":"Choque entre cami\u00f3n y un coche"},"content":{"rendered":"<p>En la madrugada hubo un Choque<strong> entre cami\u00f3n y un coche<\/strong> en el kil\u00f3metro 229 sentido norte de la AP-7. En las inmediaciones del municipio tarragon\u00e9s de La Pobla de Montorn\u00e8s. Los cuerpos de rescate han trasladado a los ocupantes de los veh\u00edculos implicados en el accidente al hospital de El Vendrell.<\/p>\n<p>El servicio de tr\u00e1nsito catal\u00e1n confirma 2 heridos leves como resultado del accidente, acaecido a las 3:41 de la madrugada. Ambos ser\u00edan ocupantes del turismo, mientras que el chofer del cami\u00f3n result\u00f3 ileso seg\u00fan el reconocimiento m\u00e9dico dado en el lugar.<\/p>\n<p>Es el primer accidente ente Vilafranca y Altafulla, desde la prohibici\u00f3n del paso de transporte pesado por la N-340. Varias patrullas de Mossos y tres cuerpos de Bomberos se apresuraron a la asistencia requerida. No hubo retenciones de tr\u00e1fico ni muertes que lamentar, y al amanecer ya todo se hab\u00eda resuelto.<\/p>\n<div id=\"ez-toc-container\" class=\"ez-toc-v2_0_82_2 counter-hierarchy ez-toc-counter ez-toc-grey ez-toc-container-direction\">\n<div class=\"ez-toc-title-container\">\n<p class=\"ez-toc-title\" style=\"cursor:inherit\">Table of Contents<\/p>\n<span class=\"ez-toc-title-toggle\"><a href=\"#\" class=\"ez-toc-pull-right ez-toc-btn ez-toc-btn-xs ez-toc-btn-default ez-toc-toggle\" aria-label=\"Alternar tabla de contenidos\"><span class=\"ez-toc-js-icon-con\"><span class=\"\"><span class=\"eztoc-hide\" style=\"display:none;\">Toggle<\/span><span class=\"ez-toc-icon-toggle-span\"><svg style=\"fill: #999;color:#999\" xmlns=\"http:\/\/www.w3.org\/2000\/svg\" class=\"list-377408\" width=\"20px\" height=\"20px\" viewBox=\"0 0 24 24\" fill=\"none\"><path d=\"M6 6H4v2h2V6zm14 0H8v2h12V6zM4 11h2v2H4v-2zm16 0H8v2h12v-2zM4 16h2v2H4v-2zm16 0H8v2h12v-2z\" fill=\"currentColor\"><\/path><\/svg><svg style=\"fill: #999;color:#999\" class=\"arrow-unsorted-368013\" xmlns=\"http:\/\/www.w3.org\/2000\/svg\" width=\"10px\" height=\"10px\" viewBox=\"0 0 24 24\" version=\"1.2\" baseProfile=\"tiny\"><path d=\"M18.2 9.3l-6.2-6.3-6.2 6.3c-.2.2-.3.4-.3.7s.1.5.3.7c.2.2.4.3.7.3h11c.3 0 .5-.1.7-.3.2-.2.3-.5.3-.7s-.1-.5-.3-.7zM5.8 14.7l6.2 6.3 6.2-6.3c.2-.2.3-.5.3-.7s-.1-.5-.3-.7c-.2-.2-.4-.3-.7-.3h-11c-.3 0-.5.1-.7.3-.2.2-.3.5-.3.7s.1.5.3.7z\"\/><\/svg><\/span><\/span><\/span><\/a><\/span><\/div>\n<nav><ul class='ez-toc-list ez-toc-list-level-1 ' ><li class='ez-toc-page-1 ez-toc-heading-level-2'><a class=\"ez-toc-link ez-toc-heading-1\" href=\"https:\/\/www.seguros-camiones.com\/blog\/choque-entre-camion-y-un-coche\/09\/2018\/#Primer_laborable_con_la_restriccion_en_la_N-340\" >Primer laborable con la restricci\u00f3n en la N-340<\/a><\/li><li class='ez-toc-page-1 ez-toc-heading-level-2'><a class=\"ez-toc-link ez-toc-heading-2\" href=\"https:\/\/www.seguros-camiones.com\/blog\/choque-entre-camion-y-un-coche\/09\/2018\/#Otros_accidentes_viales\" >Otros accidentes viales<\/a><\/li><li class='ez-toc-page-1 ez-toc-heading-level-2'><a class=\"ez-toc-link ez-toc-heading-3\" href=\"https:\/\/www.seguros-camiones.com\/blog\/choque-entre-camion-y-un-coche\/09\/2018\/#Choque_entre_camiones_el_viernes_en_la_A-3\" >Choque entre camiones el viernes en la A-3<\/a><ul class='ez-toc-list-level-3' ><li class='ez-toc-heading-level-3'><a class=\"ez-toc-link ez-toc-heading-4\" href=\"https:\/\/www.seguros-camiones.com\/blog\/choque-entre-camion-y-un-coche\/09\/2018\/#Nota_impactante_Accidente_mortal_en_Asturias\" >Nota impactante: Accidente mortal en Asturias<\/a><\/li><\/ul><\/li><\/ul><\/nav><\/div>\n<h2><span class=\"ez-toc-section\" id=\"Primer_laborable_con_la_restriccion_en_la_N-340\"><\/span><span style=\"color: #ff6600;\">Primer laborable con la restricci\u00f3n en la N-340<\/span><span class=\"ez-toc-section-end\"><\/span><\/h2>\n<p>Aunque sin sufrir sanciones correspondientes a la falta, los Mossos reportan <em>camiones que no cumplen la norma<\/em>, muchos por desconocimiento. La multa corresponde a 500 euros.<\/p>\n<p style=\"text-align: center;\"><a href=\"https:\/\/www.seguros-generales.es\/seguros-camion.html\" target=\"_blank\" rel=\"noopener\"><em><strong>\u00bfSabes cuales son los seguros de cami\u00f3n con los mejores precios del mercado? haz clic aqu\u00ed y\u00a0<\/strong><\/em><b><i>ent\u00e9rate<\/i><\/b><\/a><\/p>\n<p>Sin embargo, los tramos entre el Pened\u00e8s y les Terres de l&#8217;Ebre de la N-340 est\u00e1 libre de camiones. El cuerpo de seguridad mencionado tiene puntos de control en varios sitios estrat\u00e9gicos de la citada carretera. En Amposta, en Hospitalet de l&#8217;Infant, en Roda de Bar\u00e1 y L&#8217;Ametlla de Mar.<\/p>\n<p>De la misma manera, en Montblanc se informa a los conductores de la restricci\u00f3n por la N-240. Estos siguen quej\u00e1ndose del desv\u00edo por la A-7 ya que el peaje representa un costo, aunque se les descuente la mitad. Las empresas comerciales a orilla de carretera ven la medida con incertidumbre, trat\u00e1ndose de restaurantes y talleres de refracciones viales.<\/p>\n<h2><span class=\"ez-toc-section\" id=\"Otros_accidentes_viales\"><\/span><span style=\"color: #ff6600;\">Otros accidentes viales<\/span><span class=\"ez-toc-section-end\"><\/span><\/h2>\n<ul>\n<li>La Ap-7 registr\u00f3 <strong>otro accidente<\/strong> a las 9:30 de la ma\u00f1ana sin heridos involucrando un turismo.<\/li>\n<li>En L\u2019Aldea ardi\u00f3 en su totalidad un coche en la AP-7, en el \u00e1rea de servicio. Sus llamas no alcanzaron la caravana que llevaba porque fue desenganchada r\u00e1pidamente. El fuego fue sofocado totalmente por los bomberos cerca de las 12:15.<\/li>\n<li>En Bajadoz tres personas han resultado heridas leves como resultado de un impacto entre un cami\u00f3n y un turismo. A las 21:10 horas de ayer en la A-66 espec\u00edficamente en el kil\u00f3metro 684 en Zafra, inform\u00f3 el Centro 112 de la localidad. Un hombre de 28 a\u00f1os y una mujer de 27 fueron trasladados al Hospital de Zafra. Mientras que el conductor del cami\u00f3n de 62 a\u00f1os no present\u00f3 lesiones de consideraci\u00f3n.<\/li>\n<li>El d\u00eda domingo a la 8:15 horas perdi\u00f3 la vida un motorista de 45 a\u00f1os que chocara contra un cami\u00f3n aparcado. Esto sucedi\u00f3 en Vila-real Castel\u00f3n, en la avenida Italia, cuando por motivos que se desconocen se sali\u00f3 de la v\u00eda.<\/li>\n<\/ul>\n<h2><span class=\"ez-toc-section\" id=\"Choque_entre_camiones_el_viernes_en_la_A-3\"><\/span><span style=\"color: #ff6600;\">Choque entre camiones el viernes en la A-3<\/span><span class=\"ez-toc-section-end\"><\/span><\/h2>\n<p>Un choque ocurri\u00f3 al mediod\u00eda del viernes <strong>entre dos camiones<\/strong> en Caudete de las Fuentes en Valencia. El siniestro ocurri\u00f3 a la altura del kil\u00f3metro 270 de la A-3 hacia Madrid. Y el cierre de la v\u00eda form\u00f3 un atasco de 6 kil\u00f3metros, que se abri\u00f3 a las 16:30 para los turismos. Se permiti\u00f3 el desv\u00edo de los camiones por la vieja N-3 fluctuando durante varias horas la retenci\u00f3n kilom\u00e9trica.<\/p>\n<p>El consorcio Provincial inform\u00f3 que fueron los bomberos de Requena (cuerpo bomberil de Valencia) fueron los primeros en llegar. Quienes efectuaron las labores de socorro, la movilizaci\u00f3n de los veh\u00edculos y la limpieza de la calzada. Por la informaci\u00f3n aportada por el Consorcio Provicional de Bomberos ambos conductores han resultado sin heridas.<\/p>\n<h3><span class=\"ez-toc-section\" id=\"Nota_impactante_Accidente_mortal_en_Asturias\"><\/span><em><strong>Nota impactante: Accidente mortal en Asturias<\/strong><\/em><span class=\"ez-toc-section-end\"><\/span><\/h3>\n<p><em><strong>A las 13:40 un Autob\u00fas de pasajeros ha impactado de frente con un pilar de hormig\u00f3n del viaducto de Avil\u00e9s. Seg\u00fan informes de la 112 de Asturias la carretera afectada fue la AI-81, el autob\u00fas era de la ruta Cudillero-Avil\u00e9s-Gij\u00f3n. Las fuentes del Servicio de Atenci\u00f3n M\u00e9dica informan que los heridos fueron trasladados por todos los medios disponibles. Entre helic\u00f3pteros de emergencia y ambulancias llegaron al Hospital de San Agust\u00edn de Avil\u00e9s y en Oviedo el Central de Asturias. El saldo fue de 4 v\u00edctimas fatales y m\u00e1s de 20 heridos extra\u00eddos ya. El transporte de Alsa ha quedado empotrado en el pilar hasta al menos la tercera fila. Se presentaron a contribuir en el levantamiento del accidente y el servicio de Emergencias y la Polic\u00eda del Principado de Asturias.<\/strong><\/em><\/p>\n<p style=\"text-align: center;\"><a href=\"https:\/\/www.seguros-generales.es\/seguros-camion.html\" target=\"_blank\" rel=\"noopener\"><em><strong>\u00bfSabes cuales son los seguros de cami\u00f3n con los mejores precios del mercado? haz clic aqu\u00ed y\u00a0<\/strong><\/em><b><i>ent\u00e9rate<\/i><\/b><\/a><\/p>\n","protected":false},"excerpt":{"rendered":"<p>En la madrugada hubo un Choque entre cami\u00f3n y un coche en el kil\u00f3metro 229 sentido norte de la AP-7. En las inmediaciones del municipio tarragon\u00e9s de La Pobla de Montorn\u00e8s. Los cuerpos de rescate han trasladado a los ocupantes de los veh\u00edculos implicados en el accidente al hospital de El Vendrell. El servicio de [&hellip;]<\/p>\n","protected":false},"author":1,"featured_media":201,"comment_status":"open","ping_status":"open","sticky":false,"template":"","format":"standard","meta":{"_et_pb_use_builder":"","_et_pb_old_content":"","_et_gb_content_width":"","footnotes":""},"categories":[13],"tags":[61,60,5,58,63,62,59],"class_list":["post-200","post","type-post","status-publish","format-standard","has-post-thumbnail","hentry","category-accidentes","tag-accidente-en-asturias","tag-asturias","tag-camiones","tag-choque","tag-choque-de-camiones","tag-choque-entre-camion-y-coche","tag-motorista"],"_links":{"self":[{"href":"https:\/\/www.seguros-camiones.com\/blog\/wp-json\/wp\/v2\/posts\/200","targetHints":{"allow":["GET"]}}],"collection":[{"href":"https:\/\/www.seguros-camiones.com\/blog\/wp-json\/wp\/v2\/posts"}],"about":[{"href":"https:\/\/www.seguros-camiones.com\/blog\/wp-json\/wp\/v2\/types\/post"}],"author":[{"embeddable":true,"href":"https:\/\/www.seguros-camiones.com\/blog\/wp-json\/wp\/v2\/users\/1"}],"replies":[{"embeddable":true,"href":"https:\/\/www.seguros-camiones.com\/blog\/wp-json\/wp\/v2\/comments?post=200"}],"version-history":[{"count":1,"href":"https:\/\/www.seguros-camiones.com\/blog\/wp-json\/wp\/v2\/posts\/200\/revisions"}],"predecessor-version":[{"id":1374,"href":"https:\/\/www.seguros-camiones.com\/blog\/wp-json\/wp\/v2\/posts\/200\/revisions\/1374"}],"wp:featuredmedia":[{"embeddable":true,"href":"https:\/\/www.seguros-camiones.com\/blog\/wp-json\/wp\/v2\/media\/201"}],"wp:attachment":[{"href":"https:\/\/www.seguros-camiones.com\/blog\/wp-json\/wp\/v2\/media?parent=200"}],"wp:term":[{"taxonomy":"category","embeddable":true,"href":"https:\/\/www.seguros-camiones.com\/blog\/wp-json\/wp\/v2\/categories?post=200"},{"taxonomy":"post_tag","embeddable":true,"href":"https:\/\/www.seguros-camiones.com\/blog\/wp-json\/wp\/v2\/tags?post=200"}],"curies":[{"name":"wp","href":"https:\/\/api.w.org\/{rel}","templated":true}]}}