{"id":302,"date":"2018-10-18T20:30:57","date_gmt":"2018-10-18T20:30:57","guid":{"rendered":"https:\/\/www.seguros-camiones.com\/blog\/?p=302"},"modified":"2024-08-03T04:52:55","modified_gmt":"2024-08-03T04:52:55","slug":"choque-de-camion-con-puente-produce-varios-heridos","status":"publish","type":"post","link":"https:\/\/www.seguros-camiones.com\/blog\/choque-de-camion-con-puente-produce-varios-heridos\/10\/2018\/","title":{"rendered":"Choque de cami\u00f3n con puente ocasiona varios heridos"},"content":{"rendered":"<div id=\"ez-toc-container\" class=\"ez-toc-v2_0_82_2 counter-hierarchy ez-toc-counter ez-toc-grey ez-toc-container-direction\">\n<div class=\"ez-toc-title-container\">\n<p class=\"ez-toc-title\" style=\"cursor:inherit\">Table of Contents<\/p>\n<span class=\"ez-toc-title-toggle\"><a href=\"#\" class=\"ez-toc-pull-right ez-toc-btn ez-toc-btn-xs ez-toc-btn-default ez-toc-toggle\" aria-label=\"Alternar tabla de contenidos\"><span class=\"ez-toc-js-icon-con\"><span class=\"\"><span class=\"eztoc-hide\" style=\"display:none;\">Toggle<\/span><span class=\"ez-toc-icon-toggle-span\"><svg style=\"fill: #999;color:#999\" xmlns=\"http:\/\/www.w3.org\/2000\/svg\" class=\"list-377408\" width=\"20px\" height=\"20px\" viewBox=\"0 0 24 24\" fill=\"none\"><path d=\"M6 6H4v2h2V6zm14 0H8v2h12V6zM4 11h2v2H4v-2zm16 0H8v2h12v-2zM4 16h2v2H4v-2zm16 0H8v2h12v-2z\" fill=\"currentColor\"><\/path><\/svg><svg style=\"fill: #999;color:#999\" class=\"arrow-unsorted-368013\" xmlns=\"http:\/\/www.w3.org\/2000\/svg\" width=\"10px\" height=\"10px\" viewBox=\"0 0 24 24\" version=\"1.2\" baseProfile=\"tiny\"><path d=\"M18.2 9.3l-6.2-6.3-6.2 6.3c-.2.2-.3.4-.3.7s.1.5.3.7c.2.2.4.3.7.3h11c.3 0 .5-.1.7-.3.2-.2.3-.5.3-.7s-.1-.5-.3-.7zM5.8 14.7l6.2 6.3 6.2-6.3c.2-.2.3-.5.3-.7s-.1-.5-.3-.7c-.2-.2-.4-.3-.7-.3h-11c-.3 0-.5.1-.7.3-.2.2-.3.5-.3.7s.1.5.3.7z\"\/><\/svg><\/span><\/span><\/span><\/a><\/span><\/div>\n<nav><ul class='ez-toc-list ez-toc-list-level-1 ' ><li class='ez-toc-page-1 ez-toc-heading-level-2'><a class=\"ez-toc-link ez-toc-heading-1\" href=\"https:\/\/www.seguros-camiones.com\/blog\/choque-de-camion-con-puente-produce-varios-heridos\/10\/2018\/#Autovia_cortada_por_choque_de_camion_con_el_basculante_levantado\" >Autov\u00eda cortada por choque de cami\u00f3n con el basculante levantado<\/a><\/li><li class='ez-toc-page-1 ez-toc-heading-level-2'><a class=\"ez-toc-link ez-toc-heading-2\" href=\"https:\/\/www.seguros-camiones.com\/blog\/choque-de-camion-con-puente-produce-varios-heridos\/10\/2018\/#Aparatoso_accidente_en_la_Jaca\" >Aparatoso accidente en la Jaca<\/a><\/li><li class='ez-toc-page-1 ez-toc-heading-level-2'><a class=\"ez-toc-link ez-toc-heading-3\" href=\"https:\/\/www.seguros-camiones.com\/blog\/choque-de-camion-con-puente-produce-varios-heridos\/10\/2018\/#Accidente_en_la_A-6_con_un_herido\" >Accidente en la A-6 con un herido<\/a><\/li><li class='ez-toc-page-1 ez-toc-heading-level-2'><a class=\"ez-toc-link ez-toc-heading-4\" href=\"https:\/\/www.seguros-camiones.com\/blog\/choque-de-camion-con-puente-produce-varios-heridos\/10\/2018\/#Otro_conductor_atrapado\" >Otro conductor atrapado<\/a><ul class='ez-toc-list-level-3' ><li class='ez-toc-heading-level-3'><a class=\"ez-toc-link ez-toc-heading-5\" href=\"https:\/\/www.seguros-camiones.com\/blog\/choque-de-camion-con-puente-produce-varios-heridos\/10\/2018\/#Nota\" >Nota<\/a><\/li><\/ul><\/li><\/ul><\/nav><\/div>\n<h2><span class=\"ez-toc-section\" id=\"Autovia_cortada_por_choque_de_camion_con_el_basculante_levantado\"><\/span><span style=\"color: #ff6600;\">Autov\u00eda cortada por choque de cami\u00f3n con el basculante levantado<\/span><span class=\"ez-toc-section-end\"><\/span><\/h2>\n<p>A primera hora de la ma\u00f1ana de hoy (17 de octubre). Un cami\u00f3n con el basculante levantado ha chocado con el puente de Siana en Mieres. Varios veh\u00edculos involucrados en el accidente tambi\u00e9n produjeron heridos.<\/p>\n<p>La autov\u00eda Oviedo ha sido cortada por el evento ocurrido a la altura de la traves\u00eda de Miers. Ocasionando un terrible estruendo que pudo escucharse en los alrededores. Ademas fueron <strong>afectados tres turistas<\/strong>.<\/p>\n<p style=\"text-align: center;\"><a href=\"https:\/\/www.seguros-generales.es\/comparador-seguros-camion.html\" target=\"_blank\" rel=\"noopener\"><strong><em>Compara los seguros de Camiones m\u00e1s baratos en tan solo unos minutos<\/em><\/strong><\/a><\/p>\n<p>Los servicios asistenciales llegaron a la brevedad, para atender a los lesionados que con suerte no tienen heridas de gravedad. Y hubo retenciones propias de la cerrada de la v\u00eda.<\/p>\n<h2><span class=\"ez-toc-section\" id=\"Aparatoso_accidente_en_la_Jaca\"><\/span><span style=\"color: #ff6600;\">Aparatoso accidente en la Jaca<\/span><span class=\"ez-toc-section-end\"><\/span><\/h2>\n<p>Ayer (16 de octubre) alrededor de las 20, un cami\u00f3n de pacas volc\u00f3 en la avenida Nuestra Se\u00f1ora de la Victoria de Jaca. Ha bloqueado completamente la N-240, por lo que el tr\u00e1fico fue cortado desviando a\u00a0 las carreteras aleda\u00f1as. Aunque el terrible siniestro fue aparatoso no hubo ninguna v\u00edctima que lamentar.<\/p>\n<p>Cuando el cami\u00f3n llegaba por la N-240 hacia la Jaca tuvo que virar, cuando un tractor se salt\u00f3 el stop. Entonces volc\u00f3, golpe\u00f3 al auto agr\u00edcola, afect\u00f3 una se\u00f1al de tr\u00e1nsito, una farola y se cort\u00f3 un pino. <strong>Ninguno de los conductores sali\u00f3 lastimado.<\/strong><\/p>\n<p style=\"text-align: center;\"><a href=\"https:\/\/www.seguros-generales.es\/comparador-seguros-camion.html\" target=\"_blank\" rel=\"noopener\"><strong><em>Compara los seguros de Camiones m\u00e1s baratos en tan solo unos minutos<\/em><\/strong><\/a><\/p>\n<p>Entre los cuerpos de asistencia que llegaron al sitio se encuentra la Polic\u00eda Local, la Nacional y la Guardia Civil. As\u00ed como el Servicio de Emergencias del Ayuntamiento. Hizo falta una gr\u00faa de alto tonelaje para retirar el cami\u00f3n y una m\u00e1quina para despejar la carretera de pacas. La retenci\u00f3n vehicular dur\u00f3 m\u00e1s de tres horas hasta casi medianoche<\/p>\n<h2><span class=\"ez-toc-section\" id=\"Accidente_en_la_A-6_con_un_herido\"><\/span><span style=\"color: #ff6600;\">Accidente en la A-6 con un herido<\/span><span class=\"ez-toc-section-end\"><\/span><\/h2>\n<p>Un hombre qued\u00f3 atrapado en la cabina de su cami\u00f3n tras volcar en el kil\u00f3metro 417 de la A-6 En el municipio Trabaledo hacia A Coru\u00f1a. Al sitio se trasladaron los Bomberos de Ponferrada y un helic\u00f3ptero de emergencias m\u00e9dicas.<\/p>\n<p>Las llamadas que llegaron al 112 indican que el siniestro ocurri\u00f3 a las 10:26 horas. Y fueron recibidas por el Centro de Emergencias de Castilla y Le\u00f3n transmitido la alerta de un cami\u00f3n volcado. Por la misma l\u00ednea de comunicaci\u00f3n se inform\u00f3 que el cami\u00f3n cay\u00f3 sobre la puerta del lado del conductor, atrapandolo.<\/p>\n<p>Se present\u00f3 la Guardia Civil de Tr\u00e1fico y por supuesto los cuerpos de bomberos de Ponferrada. El refuerzo de una ambulancia de soporte vital b\u00e1sico y un helic\u00f3ptero medicalizado de Sacyl.<\/p>\n<p>Las retenciones no se hicieron esperar ya que el cami\u00f3n qued\u00f3 atravesado en ambos carriles. Pero los efectivos de seguridad de tr\u00e1nsito est\u00e1n dirigiendo los desv\u00edos por carreteras aleda\u00f1as.<\/p>\n<h2><span class=\"ez-toc-section\" id=\"Otro_conductor_atrapado\"><\/span><span style=\"color: #ff6600;\">Otro conductor atrapado<\/span><span class=\"ez-toc-section-end\"><\/span><\/h2>\n<p>Fue necesario el auxilio de los bomberos para extraer a un conductor atrapado tras el vuelco de su cami\u00f3n. Hab\u00eda quedado capturado entre el volquete y techo, informaci\u00f3n transmitida por el Consorcio de Bomberos de la Provincia de C\u00e1diz.<\/p>\n<p>Aunque la alerta se dio al servicio de emergencia del 085 a las 18:40 horas, no se precis\u00f3 el lugar. Que fue en el km 1,8 de la Carretera de Jerez donde los efectivos corroboraron las condiciones del conductor.<\/p>\n<p style=\"text-align: center;\"><a href=\"https:\/\/www.seguros-generales.es\/comparador-seguros-camion.html\" target=\"_blank\" rel=\"noopener\"><strong><em>Compara los seguros de Camiones m\u00e1s baratos en tan solo unos minutos<\/em><\/strong><\/a><\/p>\n<p>El camionero estaba limpiando al momento en el que qued\u00f3 aprisionado. El volquete rompi\u00f3 la chapa del techo del cami\u00f3n y provoc\u00f3 la ca\u00edda de una viga que no lastim\u00f3 a los ocupantes.<\/p>\n<p>En el \u00e1ngulo de inclinaci\u00f3n en el que qued\u00f3, el operario debi\u00f3 permanecer agarrado a tres metros de altura. El riesgo de que el techo de la nave se desprendier\u00e1 hizo que se descartar\u00e1 el rescate coloc\u00e1ndolo en la posici\u00f3n inicial. Por el mal estado en el qued\u00f3 tras el accidente.<\/p>\n<p>Entonces procedieron a usar material para rescate de altura atrapandolo desde la parte de atr\u00e1s de la nave. Con un tri\u00e1ngulo de evacuaci\u00f3n sin causarle da\u00f1os al operario de 38 a\u00f1os que s\u00f3lo qued\u00f3 con una ansiedad postraum\u00e1tica. Por lo que fue atendido por los Servicios Sanatorios del 06 que estaban prestos en el lugar junto a las Polic\u00edas Local y Nacional.<\/p>\n<p>Fue necesario precintar la parte afectada de la nave por el riesgo a que se desprenda una porci\u00f3n del techo. Todo el rescate de efectu\u00f3 en una hora desde la llamada de emergencias. Y fueron necesarios 5 veh\u00edculos y 7 funcionarios del CBPC del parque de Sanl\u00facar y El Puerto.<\/p>\n<h3><span class=\"ez-toc-section\" id=\"Nota\"><\/span><span style=\"color: #ff6600;\">Nota<\/span><span class=\"ez-toc-section-end\"><\/span><\/h3>\n<p>Accidente fatal a las 13:30 horas en el km 12 de la CV-800 en Xixona. Lamentablemente un hombre de 46 a\u00f1os y una mujer de 48 encontraron la muerte. Estos iban en una motocicleta cuando impactaron contra un cami\u00f3n, inform\u00f3 la Guardia Civil de Tr\u00e1fico. El se\u00f1or que iba conduciendo la moto muri\u00f3 en el acto. Mientras que la se\u00f1ora lo hac\u00eda horas despu\u00e9s mientras era atendida en Hospital de San Juan.<\/p>\n<p style=\"text-align: center;\"><a href=\"https:\/\/www.seguros-generales.es\/comparador-seguros-camion.html\" target=\"_blank\" rel=\"noopener\"><strong><em>Compara los seguros de Camiones m\u00e1s baratos en tan solo unos minutos<\/em><\/strong><\/a><\/p>\n","protected":false},"excerpt":{"rendered":"<p>Autov\u00eda cortada por choque de cami\u00f3n con el basculante levantado A primera hora de la ma\u00f1ana de hoy (17 de octubre). Un cami\u00f3n con el basculante levantado ha chocado con el puente de Siana en Mieres. Varios veh\u00edculos involucrados en el accidente tambi\u00e9n produjeron heridos. La autov\u00eda Oviedo ha sido cortada por el evento ocurrido [&hellip;]<\/p>\n","protected":false},"author":1,"featured_media":307,"comment_status":"open","ping_status":"open","sticky":false,"template":"","format":"standard","meta":{"_et_pb_use_builder":"","_et_pb_old_content":"","_et_gb_content_width":"","footnotes":""},"categories":[13],"tags":[88,58,89],"class_list":["post-302","post","type-post","status-publish","format-standard","has-post-thumbnail","hentry","category-accidentes","tag-accidentes","tag-choque","tag-choque-entre-camiones"],"_links":{"self":[{"href":"https:\/\/www.seguros-camiones.com\/blog\/wp-json\/wp\/v2\/posts\/302","targetHints":{"allow":["GET"]}}],"collection":[{"href":"https:\/\/www.seguros-camiones.com\/blog\/wp-json\/wp\/v2\/posts"}],"about":[{"href":"https:\/\/www.seguros-camiones.com\/blog\/wp-json\/wp\/v2\/types\/post"}],"author":[{"embeddable":true,"href":"https:\/\/www.seguros-camiones.com\/blog\/wp-json\/wp\/v2\/users\/1"}],"replies":[{"embeddable":true,"href":"https:\/\/www.seguros-camiones.com\/blog\/wp-json\/wp\/v2\/comments?post=302"}],"version-history":[{"count":1,"href":"https:\/\/www.seguros-camiones.com\/blog\/wp-json\/wp\/v2\/posts\/302\/revisions"}],"predecessor-version":[{"id":1365,"href":"https:\/\/www.seguros-camiones.com\/blog\/wp-json\/wp\/v2\/posts\/302\/revisions\/1365"}],"wp:featuredmedia":[{"embeddable":true,"href":"https:\/\/www.seguros-camiones.com\/blog\/wp-json\/wp\/v2\/media\/307"}],"wp:attachment":[{"href":"https:\/\/www.seguros-camiones.com\/blog\/wp-json\/wp\/v2\/media?parent=302"}],"wp:term":[{"taxonomy":"category","embeddable":true,"href":"https:\/\/www.seguros-camiones.com\/blog\/wp-json\/wp\/v2\/categories?post=302"},{"taxonomy":"post_tag","embeddable":true,"href":"https:\/\/www.seguros-camiones.com\/blog\/wp-json\/wp\/v2\/tags?post=302"}],"curies":[{"name":"wp","href":"https:\/\/api.w.org\/{rel}","templated":true}]}}