{"id":320,"date":"2018-10-24T15:27:39","date_gmt":"2018-10-24T15:27:39","guid":{"rendered":"https:\/\/www.seguros-camiones.com\/blog\/?p=320"},"modified":"2024-08-03T04:52:10","modified_gmt":"2024-08-03T04:52:10","slug":"mortal-accidente-en-lugo-por-volcamiento","status":"publish","type":"post","link":"https:\/\/www.seguros-camiones.com\/blog\/mortal-accidente-en-lugo-por-volcamiento\/10\/2018\/","title":{"rendered":"Mortal accidente en Lugo por volcamiento"},"content":{"rendered":"<p>El conductor de un cami\u00f3n hormigonera ha fallecido por el volcamiento contra un talud (piedra de grandes dimensiones) en A Pontevedra. El suceso ocurri\u00f3 a las 16:13 horas del lunes 22 de octubre en O Vilar de As Pedras, en Rececende.<\/p>\n<p>Al suceso llegaron varias unidades asistenciales como una ambulancia, un helic\u00f3ptero, as\u00ed como personal m\u00e9dico del PAC de Meira.<\/p>\n<p>El Servicio de Emergencia 112 informa que tras el fuerte impacto el conductor quedo atrapado. Y Fue liberado con el esfuerzo de los miembros del Servicio de Prevenci\u00f3n, Extinci\u00f3n de Incendios y Salvamento de Barreiros. Lamentablemente los efectivos sanitarios tuvieron que confirmar su fallecimiento.<\/p>\n<p>El regidor local alcalde de Taramundi, C\u00e9sar Villabrille sostiene que se trataba de un trabajador profesional y prudente. Era un taramund\u00e9s de unos 54 a\u00f1os de edad. A\u00fan se desconocen las razones por las que perdi\u00f3 el control de la hormigonera.\u00a0Amigos y familiares coinciden en que era un conductor muy precavido.<\/p>\n<p>La conmoci\u00f3n no se dej\u00f3 esperar tras conocer la noticia en la capital taramundesa. Mart\u00ednez era soltero, sin hijos y viv\u00eda con su madre. Se hab\u00eda dedicado a la profesi\u00f3n del volante, estuvo en varias empresas y siempre fue de conductor. Ya llevaba varios a\u00f1os trabajando en la hormigonera.<\/p>\n<p>Es posible que el camionero pudiera haber sufrido alg\u00fan desvanecimiento previo al accidente. Cosa que se determinar\u00e1 cuando se confirme el informe de la pr\u00e1ctica de la autopsia.<\/p>\n<p>El sitio exacto del accidente se produjo en la carretera local que une al concejo de Lorenzana con A Pontevedra. Al sector se le llama Vilar das Pedras.<\/p>\n<p>Podr\u00eda describirse como una carretera sinuosa de monta\u00f1a y sin medidas de seguridad pertinentes. No tiene arc\u00e9n, ni guardarrail protector. Es el tercero de los accidentes ocurridos en la misma zona en las \u00faltimas tres semanas.<\/p>\n<div id=\"ez-toc-container\" class=\"ez-toc-v2_0_87 counter-hierarchy ez-toc-counter ez-toc-grey ez-toc-container-direction\">\n<div class=\"ez-toc-title-container\">\n<p class=\"ez-toc-title\" style=\"cursor:inherit\">Table of Contents<\/p>\n<span class=\"ez-toc-title-toggle\"><a href=\"#\" class=\"ez-toc-pull-right ez-toc-btn ez-toc-btn-xs ez-toc-btn-default ez-toc-toggle\" aria-label=\"Alternar tabla de contenidos\"><span class=\"ez-toc-js-icon-con\"><span class=\"\"><span class=\"eztoc-hide\" style=\"display:none;\">Toggle<\/span><span class=\"ez-toc-icon-toggle-span\"><svg style=\"fill: #999;color:#999\" xmlns=\"http:\/\/www.w3.org\/2000\/svg\" class=\"list-377408\" width=\"20px\" height=\"20px\" viewBox=\"0 0 24 24\" fill=\"none\"><path d=\"M6 6H4v2h2V6zm14 0H8v2h12V6zM4 11h2v2H4v-2zm16 0H8v2h12v-2zM4 16h2v2H4v-2zm16 0H8v2h12v-2z\" fill=\"currentColor\"><\/path><\/svg><svg style=\"fill: #999;color:#999\" class=\"arrow-unsorted-368013\" xmlns=\"http:\/\/www.w3.org\/2000\/svg\" width=\"10px\" height=\"10px\" viewBox=\"0 0 24 24\" version=\"1.2\" baseProfile=\"tiny\"><path d=\"M18.2 9.3l-6.2-6.3-6.2 6.3c-.2.2-.3.4-.3.7s.1.5.3.7c.2.2.4.3.7.3h11c.3 0 .5-.1.7-.3.2-.2.3-.5.3-.7s-.1-.5-.3-.7zM5.8 14.7l6.2 6.3 6.2-6.3c.2-.2.3-.5.3-.7s-.1-.5-.3-.7c-.2-.2-.4-.3-.7-.3h-11c-.3 0-.5.1-.7.3-.2.2-.3.5-.3.7s.1.5.3.7z\"\/><\/svg><\/span><\/span><\/span><\/a><\/span><\/div>\n<nav><ul class='ez-toc-list ez-toc-list-level-1 ' ><li class='ez-toc-page-1 ez-toc-heading-level-2'><a class=\"ez-toc-link ez-toc-heading-1\" href=\"https:\/\/www.seguros-camiones.com\/blog\/mortal-accidente-en-lugo-por-volcamiento\/10\/2018\/#Retenciones_en_Albacete_por_el_vuelco_de_un_camion\" >Retenciones en Albacete por el vuelco de un cami\u00f3n<\/a><\/li><li class='ez-toc-page-1 ez-toc-heading-level-2'><a class=\"ez-toc-link ez-toc-heading-2\" href=\"https:\/\/www.seguros-camiones.com\/blog\/mortal-accidente-en-lugo-por-volcamiento\/10\/2018\/#Otro_volcamiento_esta_vez_en_Zaragoza\" >Otro volcamiento, esta vez en Zaragoza<\/a><\/li><li class='ez-toc-page-1 ez-toc-heading-level-2'><a class=\"ez-toc-link ez-toc-heading-3\" href=\"https:\/\/www.seguros-camiones.com\/blog\/mortal-accidente-en-lugo-por-volcamiento\/10\/2018\/#Camion_volcado_en_Leon\" >Cami\u00f3n volcado en Le\u00f3n<\/a><\/li><li class='ez-toc-page-1 ez-toc-heading-level-2'><a class=\"ez-toc-link ez-toc-heading-4\" href=\"https:\/\/www.seguros-camiones.com\/blog\/mortal-accidente-en-lugo-por-volcamiento\/10\/2018\/#Accidente_en_Garray\" >Accidente en Garray<\/a><\/li><li class='ez-toc-page-1 ez-toc-heading-level-2'><a class=\"ez-toc-link ez-toc-heading-5\" href=\"https:\/\/www.seguros-camiones.com\/blog\/mortal-accidente-en-lugo-por-volcamiento\/10\/2018\/#Un_camion_se_sale_de_la_via_y_lastima_a_hombre_de_48_anos\" >Un cami\u00f3n se sale de la v\u00eda y lastima a hombre de 48 a\u00f1os<\/a><\/li><\/ul><\/nav><\/div>\n<h2><span class=\"ez-toc-section\" id=\"Retenciones_en_Albacete_por_el_vuelco_de_un_camion\"><\/span><span style=\"color: #ff6600;\">Retenciones en Albacete por el vuelco de un cami\u00f3n<\/span><span class=\"ez-toc-section-end\"><\/span><\/h2>\n<p>Casi al medio d\u00eda de este martes un cami\u00f3n volcado provoc\u00f3 retenciones en la autov\u00eda de Alicante A-31.<br \/>\nEl accidente fue provocado, cuando el conductor intentaba salir de la carretera en direcci\u00f3n a Mahora en el sector Albacete.<\/p>\n<p>Al perder el control termin\u00f3 volcando el veh\u00edculo de grandes proporciones, aunque result\u00f3 lesionado, las heridas no fueron graves.<\/p>\n<p>Las retenciones fueron menores ya que el cami\u00f3n volcado qued\u00f3 fuera de las v\u00edas principales.<\/p>\n<h2><span class=\"ez-toc-section\" id=\"Otro_volcamiento_esta_vez_en_Zaragoza\"><\/span><span style=\"color: #ff6600;\">Otro volcamiento, esta vez en Zaragoza<\/span><span class=\"ez-toc-section-end\"><\/span><\/h2>\n<p>En la v\u00eda a Zaragoza por la AP-68, un cami\u00f3n se sali\u00f3 ayer de la v\u00eda al volcarse. Se apersonaron prontamente los efectivos de la Polic\u00eda Foral con sus patrullas y los Bomberos de Navarra. El conductor fue trasladado al Hospital Reina Sof\u00eda de Tudela con pron\u00f3stico reservado.<\/p>\n<h2><span class=\"ez-toc-section\" id=\"Camion_volcado_en_Leon\"><\/span><span style=\"color: #ff6600;\">Cami\u00f3n volcado en Le\u00f3n<\/span><span class=\"ez-toc-section-end\"><\/span><\/h2>\n<p>Este martes 23, en la autov\u00eda noroeste A-6 un cami\u00f3n volc\u00f3 en la mediana a su paso por Congosto en Le\u00f3n. Su conductor de 56 a\u00f1os result\u00f3 con heridas leves producto del accidente.<\/p>\n<p style=\"text-align: center;\"><a href=\"https:\/\/www.seguros-camiones.com\/\"><strong><em>Compara los seguros de Camiones m\u00e1s baratos en tan solo unos minutos<\/em><\/strong><\/a><\/p>\n<p>Sucedi\u00f3 en el kil\u00f3metro 376 en sentido a Galicia a las 15:50 horas, como inform\u00f3 el Servicio de Emergencias 112. El carril izquierdo de la v\u00eda fue cortado temporalmente.<\/p>\n<p>Lleg\u00f3 la Guardia Civil de Tr\u00e1fico, tambi\u00e9n una UVI m\u00f3vil en la que el conductor fue atendido. El mismo fue trasladado al Hospital Comarcal del Bierzo.<\/p>\n<h2><span class=\"ez-toc-section\" id=\"Accidente_en_Garray\"><\/span><span style=\"color: #ff6600;\">Accidente en Garray<\/span><span class=\"ez-toc-section-end\"><\/span><\/h2>\n<p>Ayer martes 23 de octubre el 112 fue informado a las 16:50 horas, del volcamiento de un cami\u00f3n mientras era descargado. El suceso fue en la planta de biomasa ubicada en Garray.<\/p>\n<p>Se le particip\u00f3 al centro de emergencia de Castilla y Le\u00f3n que el conductor se encontraba atrapado. Tambi\u00e9n se le inform\u00f3 a la Guardia Civil de Soria.<\/p>\n<p>Estaba herido y con vida en la cabina del cami\u00f3n por lo que inmediatamente los bomberos trabajaron en su extracci\u00f3n.<\/p>\n<p>Fue atendido por los efectivos del personal del Sacyl con los primeros cuidados de emergencia en una UVI m\u00f3vil. Luego, el conductor de 46 a\u00f1os, fue trasladado en la misma al Hospital de Soria.<\/p>\n<h2><span class=\"ez-toc-section\" id=\"Un_camion_se_sale_de_la_via_y_lastima_a_hombre_de_48_anos\"><\/span><span style=\"color: #ff6600;\">Un cami\u00f3n se sale de la v\u00eda y lastima a hombre de 48 a\u00f1os<\/span><span class=\"ez-toc-section-end\"><\/span><\/h2>\n<p>Un cami\u00f3n se sali\u00f3 de la carretera N-430 a la altura del kil\u00f3metro 110 en Villar de Rena. A finales de la tarde de ayer, y provoc\u00f3 lesiones leves a un transe\u00fante.<\/p>\n<p>La llamada fue atendida en emergencias ayer martes a 18:30. El herido fue desplazando en la unidad medicalizada de Don Benito-Villanueva hacia su centro asistencial. Tambi\u00e9n la asistieron Guardia Civil de Tr\u00e1fico y un equipo de emergencias de la carretera afectada.<\/p>\n<p style=\"text-align: center;\"><a href=\"https:\/\/www.seguros-camiones.com\/\"><strong><em>Compara los seguros de Camiones m\u00e1s baratos en tan solo unos minutos<\/em><\/strong><\/a><\/p>\n","protected":false},"excerpt":{"rendered":"<p>El conductor de un cami\u00f3n hormigonera ha fallecido por el volcamiento contra un talud (piedra de grandes dimensiones) en A Pontevedra. El suceso ocurri\u00f3 a las 16:13 horas del lunes 22 de octubre en O Vilar de As Pedras, en Rececende. Al suceso llegaron varias unidades asistenciales como una ambulancia, un helic\u00f3ptero, as\u00ed como personal [&hellip;]<\/p>\n","protected":false},"author":1,"featured_media":324,"comment_status":"open","ping_status":"open","sticky":false,"template":"","format":"standard","meta":{"_et_pb_use_builder":"","_et_pb_old_content":"","_et_gb_content_width":"","footnotes":""},"categories":[13],"tags":[93,94],"class_list":["post-320","post","type-post","status-publish","format-standard","has-post-thumbnail","hentry","category-accidentes","tag-accidente-en-garray","tag-camion-volcado-en-leon"],"_links":{"self":[{"href":"https:\/\/www.seguros-camiones.com\/blog\/wp-json\/wp\/v2\/posts\/320","targetHints":{"allow":["GET"]}}],"collection":[{"href":"https:\/\/www.seguros-camiones.com\/blog\/wp-json\/wp\/v2\/posts"}],"about":[{"href":"https:\/\/www.seguros-camiones.com\/blog\/wp-json\/wp\/v2\/types\/post"}],"author":[{"embeddable":true,"href":"https:\/\/www.seguros-camiones.com\/blog\/wp-json\/wp\/v2\/users\/1"}],"replies":[{"embeddable":true,"href":"https:\/\/www.seguros-camiones.com\/blog\/wp-json\/wp\/v2\/comments?post=320"}],"version-history":[{"count":1,"href":"https:\/\/www.seguros-camiones.com\/blog\/wp-json\/wp\/v2\/posts\/320\/revisions"}],"predecessor-version":[{"id":1363,"href":"https:\/\/www.seguros-camiones.com\/blog\/wp-json\/wp\/v2\/posts\/320\/revisions\/1363"}],"wp:featuredmedia":[{"embeddable":true,"href":"https:\/\/www.seguros-camiones.com\/blog\/wp-json\/wp\/v2\/media\/324"}],"wp:attachment":[{"href":"https:\/\/www.seguros-camiones.com\/blog\/wp-json\/wp\/v2\/media?parent=320"}],"wp:term":[{"taxonomy":"category","embeddable":true,"href":"https:\/\/www.seguros-camiones.com\/blog\/wp-json\/wp\/v2\/categories?post=320"},{"taxonomy":"post_tag","embeddable":true,"href":"https:\/\/www.seguros-camiones.com\/blog\/wp-json\/wp\/v2\/tags?post=320"}],"curies":[{"name":"wp","href":"https:\/\/api.w.org\/{rel}","templated":true}]}}