{"id":332,"date":"2018-10-29T21:01:42","date_gmt":"2018-10-29T21:01:42","guid":{"rendered":"https:\/\/www.seguros-camiones.com\/blog\/?p=332"},"modified":"2024-08-03T04:51:39","modified_gmt":"2024-08-03T04:51:39","slug":"nevada-en-soria","status":"publish","type":"post","link":"https:\/\/www.seguros-camiones.com\/blog\/nevada-en-soria\/10\/2018\/","title":{"rendered":"Nevada en Soria"},"content":{"rendered":"<p>Soria amaneci\u00f3 blanca con la nevada m\u00e1s tempranera de los<strong> \u00faltimos a\u00f1os<\/strong>. Cada coche, tejado y calle despertaron la ma\u00f1ana de hoy 29 de octubre<strong> cubiertos con nieve<\/strong>.<\/p>\n<p>El Ayuntamiento de Soria <strong>activ\u00f3, el plan de Nieve involucrando a 70 personas<\/strong>. Tanto trabajadores del mismo ente, como empresas relacionadas que hacen vida en el Consistorio.<\/p>\n<p style=\"text-align: center;\"><a href=\"https:\/\/www.seguros-camiones.com\/\"><strong><em>Compara los seguros de Camiones m\u00e1s baratos en tan solo unos minutos<\/em><\/strong><\/a><\/p>\n<p>Es importante<strong> tomar precauciones<\/strong> antes de ponerse en circulaci\u00f3n, e informarse del estado de las v\u00edas. A las 9:00 horas era necesaria la precauci\u00f3n al conducir entre Toledillo, el Royo, Cidones y la Cuerda del Pozo.<\/p>\n<p>Est\u00e1 <strong>prohibido el paso de camiones y autobuse<\/strong>s por el puerto de Montenegro que es la parte riojana de la sierra de Cebollera. Para el paso de los dem\u00e1s veh\u00edculos es obligatorio el uso de cadenas o ruedas de invierno.<\/p>\n<p>Los servicios meteorol\u00f3gicos informaron que el clima estar\u00e1 estable en Los Santos. Mas las precipitaciones <strong>continuar\u00e1n hasta mediados de semana.<\/strong><\/p>\n<p>Ana Alegre, concejal de Servicios Locales se reuni\u00f3 con los dem\u00e1s responsables para coordinar el plan nieve, que se activar\u00e1 desde noviembre hasta abril.<\/p>\n<p>La Junta de <strong>Gobierno arrend\u00f3 un cami\u00f3n<\/strong> para equiparlo con la expendedora de sal, acoplamiento y cuchilla quitanieves del municipio. Que se anexar\u00e1 a la log\u00edstica requerida junto a recursos materiales y humanos con los que cuenta el Consistorio.<\/p>\n<p>El operativo est\u00e1 disperso por toda la ciudad para combatir la intensidad de las nevadas. Se est\u00e1 dando prioridad a los centros m\u00e9dicos y colegios.<\/p>\n<p>Por el momento se est\u00e1n regulando las acciones en funci\u00f3n de la intensidad.<\/p>\n<div id=\"ez-toc-container\" class=\"ez-toc-v2_0_87 counter-hierarchy ez-toc-counter ez-toc-grey ez-toc-container-direction\">\n<div class=\"ez-toc-title-container\">\n<p class=\"ez-toc-title\" style=\"cursor:inherit\">Table of Contents<\/p>\n<span class=\"ez-toc-title-toggle\"><a href=\"#\" class=\"ez-toc-pull-right ez-toc-btn ez-toc-btn-xs ez-toc-btn-default ez-toc-toggle\" aria-label=\"Alternar tabla de contenidos\"><span class=\"ez-toc-js-icon-con\"><span class=\"\"><span class=\"eztoc-hide\" style=\"display:none;\">Toggle<\/span><span class=\"ez-toc-icon-toggle-span\"><svg style=\"fill: #999;color:#999\" xmlns=\"http:\/\/www.w3.org\/2000\/svg\" class=\"list-377408\" width=\"20px\" height=\"20px\" viewBox=\"0 0 24 24\" fill=\"none\"><path d=\"M6 6H4v2h2V6zm14 0H8v2h12V6zM4 11h2v2H4v-2zm16 0H8v2h12v-2zM4 16h2v2H4v-2zm16 0H8v2h12v-2z\" fill=\"currentColor\"><\/path><\/svg><svg style=\"fill: #999;color:#999\" class=\"arrow-unsorted-368013\" xmlns=\"http:\/\/www.w3.org\/2000\/svg\" width=\"10px\" height=\"10px\" viewBox=\"0 0 24 24\" version=\"1.2\" baseProfile=\"tiny\"><path d=\"M18.2 9.3l-6.2-6.3-6.2 6.3c-.2.2-.3.4-.3.7s.1.5.3.7c.2.2.4.3.7.3h11c.3 0 .5-.1.7-.3.2-.2.3-.5.3-.7s-.1-.5-.3-.7zM5.8 14.7l6.2 6.3 6.2-6.3c.2-.2.3-.5.3-.7s-.1-.5-.3-.7c-.2-.2-.4-.3-.7-.3h-11c-.3 0-.5.1-.7.3-.2.2-.3.5-.3.7s.1.5.3.7z\"\/><\/svg><\/span><\/span><\/span><\/a><\/span><\/div>\n<nav><ul class='ez-toc-list ez-toc-list-level-1 ' ><li class='ez-toc-page-1 ez-toc-heading-level-2'><a class=\"ez-toc-link ez-toc-heading-1\" href=\"https:\/\/www.seguros-camiones.com\/blog\/nevada-en-soria\/10\/2018\/#El_plan_nieve\" >El plan nieve<\/a><\/li><li class='ez-toc-page-1 ez-toc-heading-level-2'><a class=\"ez-toc-link ez-toc-heading-2\" href=\"https:\/\/www.seguros-camiones.com\/blog\/nevada-en-soria\/10\/2018\/#Jaen_vivio_su_primera_nevada\" >Ja\u00e9n vivi\u00f3 su primera nevada<\/a><\/li><li class='ez-toc-page-1 ez-toc-heading-level-2'><a class=\"ez-toc-link ez-toc-heading-3\" href=\"https:\/\/www.seguros-camiones.com\/blog\/nevada-en-soria\/10\/2018\/#Sucesos_destacados_de_la_jornada\" >Sucesos destacados de la jornada<\/a><\/li><\/ul><\/nav><\/div>\n<h2><span class=\"ez-toc-section\" id=\"El_plan_nieve\"><\/span><span style=\"color: #ff6600;\">El plan nieve<\/span><span class=\"ez-toc-section-end\"><\/span><\/h2>\n<p>Involucra varios servicios municipales. La coordinaci\u00f3n ciudadana estar\u00e1 a cargo de la Polic\u00eda Local, quienes tambi\u00e9n atienden el tr\u00e1fico. Tambi\u00e9n son enlace con los bomberos, los trabajadores municipales, voluntarios y encargados de limpieza.<\/p>\n<p>El Consistorio tambi\u00e9n cuenta con 5 m\u00e1quinas expendedoras de sal y 70 trabajadores para mover y retirar la nieve.<\/p>\n<p>Se hace un llamado a la ciudadan\u00eda de tener precauci\u00f3n para evitar complicaciones para cuando el tiempo arrecie. En especial a los conductores y peatones de la tercera edad.<\/p>\n<p>Las acciones del plan se dividen en dos facetas fundamentales. La primera implica las jornadas diarias de limpieza y acondicionamiento de las calles. La segunda fase se activa ante una emergencia derivada de la intensificaci\u00f3n el temporal.<\/p>\n<p>De la zona norte se responsabilizar\u00e1 la empresa encargada de la limpieza, que parte de la avenida Valladolid.<\/p>\n<p>Hacia el sur le corresponde a la al personal municipal. Una concesionaria de servicio de parques y jardines se enfocar\u00e1 en la zona de Calaver\u00f3n, Santa Clara y San Pedro. Los bomberos se encargaron del mantenimiento de su parque y los alrededores del Centro de Formaci\u00f3n Profesional Pico Frente.<\/p>\n<p>La se\u00f1alizaci\u00f3n de los sitios m\u00e1s conflictivos de paso y conducci\u00f3n le corresponde la Polic\u00eda Local. Quienes tambi\u00e9n coordinar\u00e1n con los t\u00e9cnicos municipales las operaciones al determinar las prioridades.<\/p>\n<p>Dar\u00e1 apoyo a los traslados de emergencia y la atenci\u00f3n directa al ciudadano que informe zonas con mayor necesidad de intervenci\u00f3n.<\/p>\n<h2><span class=\"ez-toc-section\" id=\"Jaen_vivio_su_primera_nevada\"><\/span><span style=\"color: #ff6600;\">Ja\u00e9n vivi\u00f3 su primera nevada<\/span><span class=\"ez-toc-section-end\"><\/span><\/h2>\n<p>Las temperaturas bajo cero y la nieve activaron la alerta amarilla en Ja\u00e9n originando atascos en las v\u00edas de la provincia.<\/p>\n<p>El granizo, <strong>el fr\u00edo se adelantaron dos meses al invierno<\/strong> provocando retenciones por el hielo en algunas calles. Adem\u00e1s de coches aislados, \u00e1rboles ca\u00eddos mucho barro y alg\u00fan susto. No hay v\u00edctimas que lamentar.<\/p>\n<h2><span class=\"ez-toc-section\" id=\"Sucesos_destacados_de_la_jornada\"><\/span><span style=\"color: #ff6600;\">Sucesos destacados de la jornada<\/span><span class=\"ez-toc-section-end\"><\/span><\/h2>\n<p>Entre los sucesos que se pueden destacar que <strong>mantuvieron activa las brigadas de mantenimiento<\/strong> durante la jornada est\u00e1 el granizo. Que adem\u00e1s de la nieve y el hielo mantuvieron atrapados a varios veh\u00edculos. A las 15:45 horas, la A-32 entre \u00dabeda y Linares a 6 km de ciudad ubetense.<\/p>\n<p style=\"text-align: center;\"><a href=\"https:\/\/www.seguros-camiones.com\/\"><strong><em>Compara los seguros de Camiones m\u00e1s baratos en tan solo unos minutos<\/em><\/strong><\/a><\/p>\n<p>En C\u00e1rcheles, en el kil\u00f3metro 64 de la A-44, un turismo patin\u00f3 sali\u00e9ndose la curva sin causar heridos. Aunque no tuvieron que intervenir se presentaron la Guardia Civil, servicios asistenciales y mantenimiento de carretera.<\/p>\n<p>Un \u00e1rbol ca\u00eddo provoc\u00f3 una retenci\u00f3n en la A-6202 porque cortaba por completo la v\u00eda. La nieve y las temperaturas de -1grado movilizaron al equipo quitanieves en la A-317 entre los kil\u00f3metros 41 al 49. Que tambi\u00e9n fue necesario para limpiar el barro en la A-6052 del kil\u00f3metro 21 al 23.<\/p>\n<blockquote><p>Nota de Inter\u00e9s<\/p>\n<p>Aemet (la agencia Estatal de Meteorolog\u00eda) mantuvo el aviso a nivel amarillo en Ja\u00e9n a causa de la nieve. En algunos sitios la acumulaci\u00f3n de nieve alcanz\u00f3 los 3 cent\u00edmetros. Usualmente las alturas alcanzadas por la nieve llegan a los 900 metros aunque lo usual son los 1200 metros.<\/p><\/blockquote>\n","protected":false},"excerpt":{"rendered":"<p>Soria amaneci\u00f3 blanca con la nevada m\u00e1s tempranera de los \u00faltimos a\u00f1os. Cada coche, tejado y calle despertaron la ma\u00f1ana de hoy 29 de octubre cubiertos con nieve. El Ayuntamiento de Soria activ\u00f3, el plan de Nieve involucrando a 70 personas. Tanto trabajadores del mismo ente, como empresas relacionadas que hacen vida en el Consistorio. [&hellip;]<\/p>\n","protected":false},"author":1,"featured_media":335,"comment_status":"open","ping_status":"open","sticky":false,"template":"","format":"standard","meta":{"_et_pb_use_builder":"","_et_pb_old_content":"","_et_gb_content_width":"","footnotes":""},"categories":[1],"tags":[98,97,96],"class_list":["post-332","post","type-post","status-publish","format-standard","has-post-thumbnail","hentry","category-sin-categoria","tag-jaen","tag-plan-nieve","tag-soria"],"_links":{"self":[{"href":"https:\/\/www.seguros-camiones.com\/blog\/wp-json\/wp\/v2\/posts\/332","targetHints":{"allow":["GET"]}}],"collection":[{"href":"https:\/\/www.seguros-camiones.com\/blog\/wp-json\/wp\/v2\/posts"}],"about":[{"href":"https:\/\/www.seguros-camiones.com\/blog\/wp-json\/wp\/v2\/types\/post"}],"author":[{"embeddable":true,"href":"https:\/\/www.seguros-camiones.com\/blog\/wp-json\/wp\/v2\/users\/1"}],"replies":[{"embeddable":true,"href":"https:\/\/www.seguros-camiones.com\/blog\/wp-json\/wp\/v2\/comments?post=332"}],"version-history":[{"count":1,"href":"https:\/\/www.seguros-camiones.com\/blog\/wp-json\/wp\/v2\/posts\/332\/revisions"}],"predecessor-version":[{"id":1361,"href":"https:\/\/www.seguros-camiones.com\/blog\/wp-json\/wp\/v2\/posts\/332\/revisions\/1361"}],"wp:featuredmedia":[{"embeddable":true,"href":"https:\/\/www.seguros-camiones.com\/blog\/wp-json\/wp\/v2\/media\/335"}],"wp:attachment":[{"href":"https:\/\/www.seguros-camiones.com\/blog\/wp-json\/wp\/v2\/media?parent=332"}],"wp:term":[{"taxonomy":"category","embeddable":true,"href":"https:\/\/www.seguros-camiones.com\/blog\/wp-json\/wp\/v2\/categories?post=332"},{"taxonomy":"post_tag","embeddable":true,"href":"https:\/\/www.seguros-camiones.com\/blog\/wp-json\/wp\/v2\/tags?post=332"}],"curies":[{"name":"wp","href":"https:\/\/api.w.org\/{rel}","templated":true}]}}