{"id":352,"date":"2018-11-27T18:48:34","date_gmt":"2018-11-27T18:48:34","guid":{"rendered":"https:\/\/www.seguros-camiones.com\/blog\/?p=352"},"modified":"2024-08-03T04:50:31","modified_gmt":"2024-08-03T04:50:31","slug":"protestas-en-francia-mantienen-mas-de-1000-camiones-exportadores-de-frutas-y-hortalizas-espanoles-atrapados","status":"publish","type":"post","link":"https:\/\/www.seguros-camiones.com\/blog\/protestas-en-francia-mantienen-mas-de-1000-camiones-exportadores-de-frutas-y-hortalizas-espanoles-atrapados\/11\/2018\/","title":{"rendered":"Protestas en Francia mantienen m\u00e1s de 1000 camiones exportadores de frutas y hortalizas Espa\u00f1oles Atrapados"},"content":{"rendered":"<p>A principios de la semana se empezaron a presentar una serie de irregularidades en la v\u00edas\u00a0terrestre que comunican a Francia con Espa\u00f1a. Esto <strong>debido al incremento del precio del combustible<\/strong> la comunidad de Almer\u00eda.<\/p>\n<p style=\"text-align: center;\"><a href=\"https:\/\/www.seguros-camiones.com\/\"><strong><em>Compara los seguros de Camiones m\u00e1s baratos en tan solo unos minutos<\/em><\/strong><\/a><\/p>\n<p>En Francia se tom\u00f3 la iniciativa de iniciar una<strong> serie de protestas bloqueando<\/strong>\u00a0las v\u00edas de comunicaci\u00f3n de la autopista central que conecta la ciudad con el resto de la uni\u00f3n Europea.<\/p>\n<div id=\"ez-toc-container\" class=\"ez-toc-v2_0_87 counter-hierarchy ez-toc-counter ez-toc-grey ez-toc-container-direction\">\n<div class=\"ez-toc-title-container\">\n<p class=\"ez-toc-title\" style=\"cursor:inherit\">Table of Contents<\/p>\n<span class=\"ez-toc-title-toggle\"><a href=\"#\" class=\"ez-toc-pull-right ez-toc-btn ez-toc-btn-xs ez-toc-btn-default ez-toc-toggle\" aria-label=\"Alternar tabla de contenidos\"><span class=\"ez-toc-js-icon-con\"><span class=\"\"><span class=\"eztoc-hide\" style=\"display:none;\">Toggle<\/span><span class=\"ez-toc-icon-toggle-span\"><svg style=\"fill: #999;color:#999\" xmlns=\"http:\/\/www.w3.org\/2000\/svg\" class=\"list-377408\" width=\"20px\" height=\"20px\" viewBox=\"0 0 24 24\" fill=\"none\"><path d=\"M6 6H4v2h2V6zm14 0H8v2h12V6zM4 11h2v2H4v-2zm16 0H8v2h12v-2zM4 16h2v2H4v-2zm16 0H8v2h12v-2z\" fill=\"currentColor\"><\/path><\/svg><svg style=\"fill: #999;color:#999\" class=\"arrow-unsorted-368013\" xmlns=\"http:\/\/www.w3.org\/2000\/svg\" width=\"10px\" height=\"10px\" viewBox=\"0 0 24 24\" version=\"1.2\" baseProfile=\"tiny\"><path d=\"M18.2 9.3l-6.2-6.3-6.2 6.3c-.2.2-.3.4-.3.7s.1.5.3.7c.2.2.4.3.7.3h11c.3 0 .5-.1.7-.3.2-.2.3-.5.3-.7s-.1-.5-.3-.7zM5.8 14.7l6.2 6.3 6.2-6.3c.2-.2.3-.5.3-.7s-.1-.5-.3-.7c-.2-.2-.4-.3-.7-.3h-11c-.3 0-.5.1-.7.3-.2.2-.3.5-.3.7s.1.5.3.7z\"\/><\/svg><\/span><\/span><\/span><\/a><\/span><\/div>\n<nav><ul class='ez-toc-list ez-toc-list-level-1 ' ><li class='ez-toc-page-1 ez-toc-heading-level-3'><a class=\"ez-toc-link ez-toc-heading-1\" href=\"https:\/\/www.seguros-camiones.com\/blog\/protestas-en-francia-mantienen-mas-de-1000-camiones-exportadores-de-frutas-y-hortalizas-espanoles-atrapados\/11\/2018\/#Importancia_de_via_Afectada\" >Importancia de v\u00eda Afectada<\/a><\/li><li class='ez-toc-page-1 ez-toc-heading-level-3'><a class=\"ez-toc-link ez-toc-heading-2\" href=\"https:\/\/www.seguros-camiones.com\/blog\/protestas-en-francia-mantienen-mas-de-1000-camiones-exportadores-de-frutas-y-hortalizas-espanoles-atrapados\/11\/2018\/#Consecuencias\" >Consecuencias<\/a><\/li><li class='ez-toc-page-1 ez-toc-heading-level-3'><a class=\"ez-toc-link ez-toc-heading-3\" href=\"https:\/\/www.seguros-camiones.com\/blog\/protestas-en-francia-mantienen-mas-de-1000-camiones-exportadores-de-frutas-y-hortalizas-espanoles-atrapados\/11\/2018\/#Medidas_para_solucionar\" >Medidas para solucionar<\/a><\/li><\/ul><\/nav><\/div>\n<h3><span class=\"ez-toc-section\" id=\"Importancia_de_via_Afectada\"><\/span><span style=\"color: #ff6600;\">Importancia de v\u00eda Afectada<\/span><span class=\"ez-toc-section-end\"><\/span><\/h3>\n<p>Debido a las protestas y bloqueos<strong> se vio afectada la v\u00eda principal a la salida de Almer\u00eda. <\/strong>Donde se transporta m\u00e1s del 95% de las frutas y hortalizas que destinan su consumo a varios pa\u00edses de la uni\u00f3n Europea.<\/p>\n<p>Dada la dependencia de esta v\u00eda y el car\u00e1cter perecedero de las cosechas. As\u00ed como la <strong>dependencia de todo un sector econ\u00f3mico en esta actividad,<\/strong>\u00a0pueda significar un golpe para tanto los gobiernos de los pa\u00edses involucrados as\u00ed como el bolsillo de los consumidores.<\/p>\n<h3><span class=\"ez-toc-section\" id=\"Consecuencias\"><\/span><span style=\"color: #ff6600;\">Consecuencias<\/span><span class=\"ez-toc-section-end\"><\/span><\/h3>\n<p><strong>La \u00e9poca decembrina<\/strong> es donde la exportaci\u00f3n de<strong> productos vegetales ve su m\u00e1s grande alza en Espa\u00f1a<\/strong>. Superando as\u00ed el mill\u00f3n de toneladas exportadas desde Francia.<\/p>\n<p>Para la FEPEX (Federaci\u00f3n Espa\u00f1ola de Asociaciones de Productores Exportadores de Frutas y Hortalizas). La continuidad de esta situaci\u00f3n irregular<strong> podr\u00eda significar una gran perturbaci\u00f3n en los mercados<\/strong> de naturaleza agr\u00edcola. Ya que pr\u00e1cticamente todo el mercado de importaci\u00f3n y exportaci\u00f3n debe pasar por Francia.<\/p>\n<h3><span class=\"ez-toc-section\" id=\"Medidas_para_solucionar\"><\/span><span style=\"color: #ff6600;\">Medidas para solucionar<\/span><span class=\"ez-toc-section-end\"><\/span><\/h3>\n<p>Para llevar a cabo una soluci\u00f3n a la que est\u00e1n sometidas <span style=\"color: #000000;\"><strong>m\u00e1s de un millar de camioneros.<\/strong><\/span> La FEPEX ha pedido tanto a nivel nacional como comunitarios la activaci\u00f3n y aplicaci\u00f3n del reglamento de la Uni\u00f3n Europea.<\/p>\n<p style=\"text-align: center;\"><a href=\"https:\/\/www.seguros-camiones.com\/\"><strong><em>Compara los seguros de Camiones m\u00e1s baratos en tan solo unos minutos<\/em><\/strong><\/a><\/p>\n<p>Espec\u00edficamente del <strong>reglamento n\u00famero 2679\/98<\/strong> el cual establece las responsabilidades y lineamientos que se tienen que tomar sobre el funcionamiento del mercado interior en relaci\u00f3n con la libre circulaci\u00f3n de mercanc\u00edas entre los Estados miembros velando as\u00ed por los derechos de los protestantes en Francia y de los consumidores en Espa\u00f1a.<\/p>\n","protected":false},"excerpt":{"rendered":"<p>A principios de la semana se empezaron a presentar una serie de irregularidades en la v\u00edas\u00a0terrestre que comunican a Francia con Espa\u00f1a. Esto debido al incremento del precio del combustible la comunidad de Almer\u00eda. Compara los seguros de Camiones m\u00e1s baratos en tan solo unos minutos En Francia se tom\u00f3 la iniciativa de iniciar una [&hellip;]<\/p>\n","protected":false},"author":1,"featured_media":357,"comment_status":"open","ping_status":"open","sticky":false,"template":"","format":"standard","meta":{"_et_pb_use_builder":"","_et_pb_old_content":"","_et_gb_content_width":"","footnotes":""},"categories":[4],"tags":[103],"class_list":["post-352","post","type-post","status-publish","format-standard","has-post-thumbnail","hentry","category-noticia","tag-camiones-espanoles-atrapados"],"_links":{"self":[{"href":"https:\/\/www.seguros-camiones.com\/blog\/wp-json\/wp\/v2\/posts\/352","targetHints":{"allow":["GET"]}}],"collection":[{"href":"https:\/\/www.seguros-camiones.com\/blog\/wp-json\/wp\/v2\/posts"}],"about":[{"href":"https:\/\/www.seguros-camiones.com\/blog\/wp-json\/wp\/v2\/types\/post"}],"author":[{"embeddable":true,"href":"https:\/\/www.seguros-camiones.com\/blog\/wp-json\/wp\/v2\/users\/1"}],"replies":[{"embeddable":true,"href":"https:\/\/www.seguros-camiones.com\/blog\/wp-json\/wp\/v2\/comments?post=352"}],"version-history":[{"count":1,"href":"https:\/\/www.seguros-camiones.com\/blog\/wp-json\/wp\/v2\/posts\/352\/revisions"}],"predecessor-version":[{"id":1358,"href":"https:\/\/www.seguros-camiones.com\/blog\/wp-json\/wp\/v2\/posts\/352\/revisions\/1358"}],"wp:featuredmedia":[{"embeddable":true,"href":"https:\/\/www.seguros-camiones.com\/blog\/wp-json\/wp\/v2\/media\/357"}],"wp:attachment":[{"href":"https:\/\/www.seguros-camiones.com\/blog\/wp-json\/wp\/v2\/media?parent=352"}],"wp:term":[{"taxonomy":"category","embeddable":true,"href":"https:\/\/www.seguros-camiones.com\/blog\/wp-json\/wp\/v2\/categories?post=352"},{"taxonomy":"post_tag","embeddable":true,"href":"https:\/\/www.seguros-camiones.com\/blog\/wp-json\/wp\/v2\/tags?post=352"}],"curies":[{"name":"wp","href":"https:\/\/api.w.org\/{rel}","templated":true}]}}