{"id":360,"date":"2018-11-29T18:42:26","date_gmt":"2018-11-29T18:42:26","guid":{"rendered":"https:\/\/www.seguros-camiones.com\/blog\/?p=360"},"modified":"2024-08-03T04:49:58","modified_gmt":"2024-08-03T04:49:58","slug":"camionero-abandonado-a-su-suerte","status":"publish","type":"post","link":"https:\/\/www.seguros-camiones.com\/blog\/camionero-abandonado-a-su-suerte\/11\/2018\/","title":{"rendered":"Camionero abandonado a su suerte"},"content":{"rendered":"<p>Debido a los <strong>desprendimientos ocurridos en varias v\u00edas<\/strong> el pasado fin de semana, un camionero qued\u00f3 abandonado durante la noche.<\/p>\n<p style=\"text-align: center;\"><a href=\"https:\/\/www.seguros-camiones.com\/\"><em><strong>Compara los seguros de Camiones m\u00e1s baratos en tan solo unos minutos<\/strong><\/em><\/a><\/p>\n<p>El cerrado del tramo de la carretera se efectu\u00f3 por culpa de los <strong>desprendimientos ocurridos por una fuerte tormenta<\/strong>. La propietaria del veh\u00edculo pesado denunci\u00f3 que las autoridades han dejado a su conductor a su suerte.<\/p>\n<p>El incidente ocurri\u00f3 a primeras horas de la noche en la carretera de La Aldea, donde fue <strong>cerrado el tramo entre El Risco y Agaete.<\/strong><\/p>\n<p>La temeraria due\u00f1a del veh\u00edculo tuvo que saltarse los conos de seguridad para llegar hasta el conductor. Quien<strong> estuvo retenido por cuatro horas en medio de la lluvia<\/strong> sin poder maniobrar el veh\u00edculo de 16 metros.<\/p>\n<p>F\u00e1tima Godoy declar\u00f3 que el <strong>chofer de 59 a\u00f1os<\/strong> se encontraba muy nervioso y sin saber qu\u00e9 hacer. Por lo que culpa a las autoridades responsables de no proporcionarle la ayuda oportuna.<\/p>\n<p>El<strong> camionero de la compa\u00f1\u00eda Gopefru<\/strong>, circulaba por la vieja carretera de La Aldea, a la altura del kil\u00f3metro 10 la tarde del jueves. Cuando Fren\u00f3 atinadamente tenia al frente un deslizamiento de barro, piedras y agua que le cortaba el paso.<\/p>\n<p>T<strong>ransportaba tomates aldeanos<\/strong>, hacia Puerto de la Luz en Las Palmas de Gran Canaria <strong>para el comercio europeo<\/strong>. Al ver que no pod\u00eda avanzar, decidi\u00f3 detener el veh\u00edculo. Pero debido a la estrechez de la v\u00eda, tampoco pudo dar marcha atr\u00e1s.<\/p>\n<p>Retroceder en esa v\u00eda con un cami\u00f3n de esas dimensiones pondr\u00eda en riesgo su vida y acabar\u00eda en una desgracia. Y<strong> esper\u00f3 durante cuatro horas<\/strong> hasta que anocheci\u00f3 para salir de esa odisea.<\/p>\n<h3><span style=\"color: #ff6600;\">Desesperada por rescatar al chofer<\/span><\/h3>\n<p>La angustiada empresaria se<strong> contact\u00f3 con la Guardia Civil de Tr\u00e1fico.<\/strong> Habl\u00f3 con los responsables de las empresas unidas (de Agaete y de La Aldea) para el mantenimiento de esa carretera. Tambi\u00e9n se dirigi\u00f3 a la Polic\u00eda Local y a Tom\u00e1s P\u00e9rez, pero no hall\u00f3 soluci\u00f3n al problema.<\/p>\n<p>Mientras, la noche se acercaba y el conductor segu\u00eda sin poder moverse en condiciones clim\u00e1ticas cada vez peor.<\/p>\n<p>Por mas que sea un conductor experimentado, era <strong>muy riesgoso dar marcha atr\u00e1s<\/strong>. Se trataba de un <strong>cami\u00f3n de 16 metros<\/strong> y no de un turismo, en palabras de Godoy. Quien se sinti\u00f3 indignada porque no vio que nadie se moviera al rescate y estaba en riesgo una vida humana.<\/p>\n<p><strong>Desesperada pate\u00f3 los conos que cerraban el paso<\/strong> y tom\u00f3 su coche para acercarse al cami\u00f3n. Sorte\u00f3 piedras y lleg\u00f3 al lugar donde estaba el camionero, aunque con eso estuviera en peligro ella misma.<\/p>\n<p>Sac\u00f3 al incomunicado ch\u00f3fer porque ya pasaban las siete de la tarde y ten\u00eda cuatro horas atrapado.<\/p>\n<p><strong>El domingo volvi\u00f3 para retirar el cami\u00f3n<\/strong>, despu\u00e9s de haber llorado de impotencia pensando en que pudo haber sufrido una desgracia.<\/p>\n<p style=\"text-align: center;\"><a href=\"https:\/\/www.seguros-camiones.com\/\"><em><strong>Compara los seguros de Camiones m\u00e1s baratos en tan solo unos minutos<\/strong><\/em><\/a><\/p>\n<p>&nbsp;<\/p>\n","protected":false},"excerpt":{"rendered":"<p>Debido a los desprendimientos ocurridos en varias v\u00edas el pasado fin de semana, un camionero qued\u00f3 abandonado durante la noche. Compara los seguros de Camiones m\u00e1s baratos en tan solo unos minutos El cerrado del tramo de la carretera se efectu\u00f3 por culpa de los desprendimientos ocurridos por una fuerte tormenta. La propietaria del veh\u00edculo [&hellip;]<\/p>\n","protected":false},"author":1,"featured_media":364,"comment_status":"open","ping_status":"open","sticky":false,"template":"","format":"standard","meta":{"_et_pb_use_builder":"","_et_pb_old_content":"","_et_gb_content_width":"","footnotes":""},"categories":[13],"tags":[104],"class_list":["post-360","post","type-post","status-publish","format-standard","has-post-thumbnail","hentry","category-accidentes","tag-camionero-de-la-compania-gopefru"],"_links":{"self":[{"href":"https:\/\/www.seguros-camiones.com\/blog\/wp-json\/wp\/v2\/posts\/360","targetHints":{"allow":["GET"]}}],"collection":[{"href":"https:\/\/www.seguros-camiones.com\/blog\/wp-json\/wp\/v2\/posts"}],"about":[{"href":"https:\/\/www.seguros-camiones.com\/blog\/wp-json\/wp\/v2\/types\/post"}],"author":[{"embeddable":true,"href":"https:\/\/www.seguros-camiones.com\/blog\/wp-json\/wp\/v2\/users\/1"}],"replies":[{"embeddable":true,"href":"https:\/\/www.seguros-camiones.com\/blog\/wp-json\/wp\/v2\/comments?post=360"}],"version-history":[{"count":1,"href":"https:\/\/www.seguros-camiones.com\/blog\/wp-json\/wp\/v2\/posts\/360\/revisions"}],"predecessor-version":[{"id":1357,"href":"https:\/\/www.seguros-camiones.com\/blog\/wp-json\/wp\/v2\/posts\/360\/revisions\/1357"}],"wp:featuredmedia":[{"embeddable":true,"href":"https:\/\/www.seguros-camiones.com\/blog\/wp-json\/wp\/v2\/media\/364"}],"wp:attachment":[{"href":"https:\/\/www.seguros-camiones.com\/blog\/wp-json\/wp\/v2\/media?parent=360"}],"wp:term":[{"taxonomy":"category","embeddable":true,"href":"https:\/\/www.seguros-camiones.com\/blog\/wp-json\/wp\/v2\/categories?post=360"},{"taxonomy":"post_tag","embeddable":true,"href":"https:\/\/www.seguros-camiones.com\/blog\/wp-json\/wp\/v2\/tags?post=360"}],"curies":[{"name":"wp","href":"https:\/\/api.w.org\/{rel}","templated":true}]}}