{"id":365,"date":"2018-11-29T19:04:18","date_gmt":"2018-11-29T19:04:18","guid":{"rendered":"https:\/\/www.seguros-camiones.com\/blog\/?p=365"},"modified":"2024-08-03T04:49:51","modified_gmt":"2024-08-03T04:49:51","slug":"letal-choque-en-vilafranca-del-penedes","status":"publish","type":"post","link":"https:\/\/www.seguros-camiones.com\/blog\/letal-choque-en-vilafranca-del-penedes\/11\/2018\/","title":{"rendered":"Letal choque en Vilafranca del Pened\u00e8s"},"content":{"rendered":"<p>El domingo en la tarde ocurrio un choque en Vilafranca del Pened\u00e8s, entre\u00a0<strong>una furgoneta y un cami\u00f3n.<\/strong> El hecho ocurrio en la C-15, <strong>dejando dos personas muertas<\/strong>. La carretera tuvo cerrada en ambos sentidos porque<strong> los veh\u00edculos fueron atrapados por las llamas<\/strong> en Vilafranca del Pened\u00e8s.<\/p>\n<p style=\"text-align: center;\"><a href=\"https:\/\/www.seguros-camiones.com\/\"><em><strong>Compara los seguros de Camiones m\u00e1s baratos en tan solo unos minutos<\/strong><\/em><\/a><\/p>\n<p>El siniestro<strong> ocurri\u00f3 en el kil\u00f3metro 14 pasadas las cuatro de la tarde<\/strong>, por causas desconocidas. Las v\u00edctimas letales eran los \u00fanicos ocupantes del veh\u00edculo peque\u00f1o, mientras que <strong>el camionero result\u00f3 con heridas leves.<\/strong><\/p>\n<p>Los bomberos de la Generalitat informaron que despu\u00e9s del impacto<strong> la furgoneta fue la primera en incendiarse<\/strong>. Despu\u00e9s las llamas se apoderaron de la caja del cami\u00f3n incendiado el contenido.<\/p>\n<h3><span style=\"color: #ff6600;\">Incendio dif\u00edcil\u00a0<\/span><\/h3>\n<p><strong>El cami\u00f3n transportaba bobinas de cables el\u00e9ctricos<\/strong> muy dif\u00edciles de apagar.<\/p>\n<p>Por lo que <strong>fueron necesarias cinco dotaciones de los Bomberos<\/strong> junto a efectivos de los servicios de emergencias. Las cuatro patrullas de los Mossos d\u2019Esquadra sirvieron para restringir el paso y controlar el tr\u00e1fico.<\/p>\n<p>Los veh\u00edculos fueron <strong>desviados por la N-340<\/strong> en la Geltr\u00fa y en Vilanova antes de la C-15 a la altura de Igualada.<\/p>\n<p>La furgoneta invadi\u00f3 el sentido contrario por lo que el <strong>choque frontal fue inevitable.<\/strong> El incendio r\u00e1pidamente devor\u00f3 a los ocupantes sin que pudiera hacerse nada para detenerlo. El cami\u00f3n qued\u00f3 parcialmente afectado y el camionero pudo retirarse por sus propios medios.<\/p>\n<p style=\"text-align: center;\"><a href=\"https:\/\/www.seguros-camiones.com\/\"><em><strong>Compara los seguros de Camiones m\u00e1s baratos en tan solo unos minutos<\/strong><\/em><\/a><\/p>\n<p><strong>Los accidentes de tr\u00e1fico<\/strong> en la red viaria interurbana de Catalu\u00f1a se <strong>cobraron muchas vidas<\/strong>. Este a\u00f1o ya lleg\u00f3 al nefasto<strong> r\u00e9cord de 175 personas<\/strong> contando las dos de este accidente.<\/p>\n","protected":false},"excerpt":{"rendered":"<p>El domingo en la tarde ocurrio un choque en Vilafranca del Pened\u00e8s, entre\u00a0una furgoneta y un cami\u00f3n. El hecho ocurrio en la C-15, dejando dos personas muertas. La carretera tuvo cerrada en ambos sentidos porque los veh\u00edculos fueron atrapados por las llamas en Vilafranca del Pened\u00e8s. Compara los seguros de Camiones m\u00e1s baratos en tan [&hellip;]<\/p>\n","protected":false},"author":1,"featured_media":369,"comment_status":"open","ping_status":"open","sticky":false,"template":"","format":"standard","meta":{"_et_pb_use_builder":"","_et_pb_old_content":"","_et_gb_content_width":"","footnotes":""},"categories":[13],"tags":[105],"class_list":["post-365","post","type-post","status-publish","format-standard","has-post-thumbnail","hentry","category-accidentes","tag-accidente-en-vilafranca-del-penedes"],"_links":{"self":[{"href":"https:\/\/www.seguros-camiones.com\/blog\/wp-json\/wp\/v2\/posts\/365","targetHints":{"allow":["GET"]}}],"collection":[{"href":"https:\/\/www.seguros-camiones.com\/blog\/wp-json\/wp\/v2\/posts"}],"about":[{"href":"https:\/\/www.seguros-camiones.com\/blog\/wp-json\/wp\/v2\/types\/post"}],"author":[{"embeddable":true,"href":"https:\/\/www.seguros-camiones.com\/blog\/wp-json\/wp\/v2\/users\/1"}],"replies":[{"embeddable":true,"href":"https:\/\/www.seguros-camiones.com\/blog\/wp-json\/wp\/v2\/comments?post=365"}],"version-history":[{"count":1,"href":"https:\/\/www.seguros-camiones.com\/blog\/wp-json\/wp\/v2\/posts\/365\/revisions"}],"predecessor-version":[{"id":1356,"href":"https:\/\/www.seguros-camiones.com\/blog\/wp-json\/wp\/v2\/posts\/365\/revisions\/1356"}],"wp:featuredmedia":[{"embeddable":true,"href":"https:\/\/www.seguros-camiones.com\/blog\/wp-json\/wp\/v2\/media\/369"}],"wp:attachment":[{"href":"https:\/\/www.seguros-camiones.com\/blog\/wp-json\/wp\/v2\/media?parent=365"}],"wp:term":[{"taxonomy":"category","embeddable":true,"href":"https:\/\/www.seguros-camiones.com\/blog\/wp-json\/wp\/v2\/categories?post=365"},{"taxonomy":"post_tag","embeddable":true,"href":"https:\/\/www.seguros-camiones.com\/blog\/wp-json\/wp\/v2\/tags?post=365"}],"curies":[{"name":"wp","href":"https:\/\/api.w.org\/{rel}","templated":true}]}}