{"id":381,"date":"2018-12-17T21:38:05","date_gmt":"2018-12-17T21:38:05","guid":{"rendered":"https:\/\/www.seguros-camiones.com\/blog\/?p=381"},"modified":"2024-08-03T04:48:59","modified_gmt":"2024-08-03T04:48:59","slug":"protestas-paralizaron-el-trafico","status":"publish","type":"post","link":"https:\/\/www.seguros-camiones.com\/blog\/protestas-paralizaron-el-trafico\/12\/2018\/","title":{"rendered":"Protestas paralizaron el tr\u00e1fico"},"content":{"rendered":"\r\n<p class=\"wp-block-paragraph\">Las protestas que estuvieron paralizando el tr\u00e1fico hasta <strong>por 15 horas<\/strong>, formaron retenciones kilom\u00e9tricas. Los Comit\u00e9 de Defensa de la Rep\u00fablica hab\u00edan cortado la AP-7 en L\u2019Ampolla de Tarragona y el tr\u00e1fico logr\u00f3 restablecerse el viernes temprano.<\/p>\r\n\r\n\r\n\r\n<p class=\"wp-block-paragraph\" style=\"text-align: center;\"><strong><em><a href=\"https:\/\/www.seguros-camiones.com\/\">Compara los seguros de Camiones m\u00e1s baratos en tan solo unos minutos.<\/a><\/em><\/strong><\/p>\r\n\r\n\r\n\r\n<p class=\"wp-block-paragraph\">CDR inform\u00f3 por las redes sociales que los equipos de mantenimiento de quitar\u00edan las barricadas (bidones, quitamiedos, ramas y neum\u00e1ticos). Si que <strong>la calzada quedar\u00eda libre para el tr\u00e1nsito.<\/strong><\/p>\r\n\r\n\r\n\r\n<p class=\"wp-block-paragraph\"><strong>Los m\u00e1s afectados fueron los camiones<\/strong>, quienes en su mayor\u00eda no pudieron desviarse por la carretera N-340. Y estuvieron obligados a permanecer varados, hasta que terminara la protesta.<\/p>\r\n\r\n\r\n\r\n<p class=\"wp-block-paragraph\"><strong>La protesta parec\u00eda ser indefinida,<\/strong> debido a las declaraciones que hicieran los miembros del CDR. Quienes exig\u00edan que el conseller del interior, Miquel Buch dimita de su cargo. Sin embargo, decidieron detenerla abruptamente a las 22 horas.<\/p>\r\n\r\n\r\n\r\n<p class=\"wp-block-paragraph\">Ya los Mossos hab\u00eda solicitado el cese de la protesta antes de la media noche. Y la respuesta les fue dada despu\u00e9s que los activistas sostuvieron una asamblea. <strong>Vestidos con chalecos amarillos como si se tratara de un movimiento franc\u00e9s,<\/strong> pintaron lemas en la calzada. Gritaban consignas haciendo exigencias.<\/p>\r\n\r\n\r\n\r\n<p class=\"wp-block-paragraph\">Por la ma\u00f1ana del viernes, los carros peque\u00f1os fueron desviados por la N-340. Pero <strong>los camiones debieron permanecer <\/strong>igual que los autocares. <strong>Durante horas<\/strong>, que causaron tensi\u00f3n entre los activistas y los camioneros atrapados por el corte vial.<\/p>\r\n\r\n\r\n\r\n<p class=\"wp-block-paragraph\">Fue necesario el desplazamiento de los efectivos de Mossos d&#8217;Esquadra, aparentemente <strong>han identificado al menos a seis de las personas <\/strong>que manten\u00edan el tr\u00e1fico detenido. Las protestas se produjeron debido a las acciones de los efectivos en Girona y Taraz\u00e1 en el aniversario 40 de la Constituci\u00f3n.<\/p>\r\n\r\n\r\n\r\n<p class=\"wp-block-paragraph\">En la que Quim Torra, el presidente de la Generalitat inst\u00f3 al conseller Buch a hacer <strong>cambios en el protocolo de la polic\u00eda catalana.<\/strong><\/p>\r\n\r\n\r\n\r\n<div id=\"ez-toc-container\" class=\"ez-toc-v2_0_87 counter-hierarchy ez-toc-counter ez-toc-grey ez-toc-container-direction\">\n<div class=\"ez-toc-title-container\">\n<p class=\"ez-toc-title\" style=\"cursor:inherit\">Table of Contents<\/p>\n<span class=\"ez-toc-title-toggle\"><a href=\"#\" class=\"ez-toc-pull-right ez-toc-btn ez-toc-btn-xs ez-toc-btn-default ez-toc-toggle\" aria-label=\"Alternar tabla de contenidos\"><span class=\"ez-toc-js-icon-con\"><span class=\"\"><span class=\"eztoc-hide\" style=\"display:none;\">Toggle<\/span><span class=\"ez-toc-icon-toggle-span\"><svg style=\"fill: #999;color:#999\" xmlns=\"http:\/\/www.w3.org\/2000\/svg\" class=\"list-377408\" width=\"20px\" height=\"20px\" viewBox=\"0 0 24 24\" fill=\"none\"><path d=\"M6 6H4v2h2V6zm14 0H8v2h12V6zM4 11h2v2H4v-2zm16 0H8v2h12v-2zM4 16h2v2H4v-2zm16 0H8v2h12v-2z\" fill=\"currentColor\"><\/path><\/svg><svg style=\"fill: #999;color:#999\" class=\"arrow-unsorted-368013\" xmlns=\"http:\/\/www.w3.org\/2000\/svg\" width=\"10px\" height=\"10px\" viewBox=\"0 0 24 24\" version=\"1.2\" baseProfile=\"tiny\"><path d=\"M18.2 9.3l-6.2-6.3-6.2 6.3c-.2.2-.3.4-.3.7s.1.5.3.7c.2.2.4.3.7.3h11c.3 0 .5-.1.7-.3.2-.2.3-.5.3-.7s-.1-.5-.3-.7zM5.8 14.7l6.2 6.3 6.2-6.3c.2-.2.3-.5.3-.7s-.1-.5-.3-.7c-.2-.2-.4-.3-.7-.3h-11c-.3 0-.5.1-.7.3-.2.2-.3.5-.3.7s.1.5.3.7z\"\/><\/svg><\/span><\/span><\/span><\/a><\/span><\/div>\n<nav><ul class='ez-toc-list ez-toc-list-level-1 ' ><li class='ez-toc-page-1 ez-toc-heading-level-3'><a class=\"ez-toc-link ez-toc-heading-1\" href=\"https:\/\/www.seguros-camiones.com\/blog\/protestas-paralizaron-el-trafico\/12\/2018\/#Camionero_replico_la_protesta_con_tiros\" >Camionero replic\u00f3 la protesta con tiros<\/a><\/li><li class='ez-toc-page-1 ez-toc-heading-level-3'><a class=\"ez-toc-link ez-toc-heading-2\" href=\"https:\/\/www.seguros-camiones.com\/blog\/protestas-paralizaron-el-trafico\/12\/2018\/#Los_CDR_finalizan_el_corte_de_la_AP-7\" >Los CDR finalizan el corte de la AP-7<\/a><\/li><\/ul><\/nav><\/div>\n<h3 class=\"wp-block-heading\"><span class=\"ez-toc-section\" id=\"Camionero_replico_la_protesta_con_tiros\"><\/span>Camionero replic\u00f3 la protesta con tiros<span class=\"ez-toc-section-end\"><\/span><\/h3>\r\n\r\n\r\n\r\n<p class=\"wp-block-paragraph\">El camionero que dispar\u00f3 balas de fogueo contra los \u2018chalecos amarillos\u2019 <strong>fue detenido por las autoridades<\/strong>. Se trata de un espa\u00f1ol de unos 60 a\u00f1os que no soportaba la impotencia ante la tranca en una carretera de B\u00e9ziers, entre Perpi\u00f1\u00e1n y Montpellier.<\/p>\r\n\r\n\r\n\r\n<p class=\"wp-block-paragraph\">Tristemente <strong>uno de los manifestantes fue herido <\/strong>en una mano seg\u00fan informa la emisora de radio France Bleu. Ante el suceso<strong> los polic\u00edas dispararon a las ruedas del cami\u00f3n <\/strong>para forzar el frenado e impedir que huyera.<\/p>\r\n\r\n\r\n\r\n<p class=\"wp-block-paragraph\" style=\"text-align: center;\"><strong><em><a href=\"https:\/\/www.seguros-camiones.com\/\">Compara los seguros de Camiones m\u00e1s baratos en tan solo unos minutos.<\/a><\/em><\/strong><\/p>\r\n\r\n\r\n\r\n<p class=\"wp-block-paragraph\">Cuando no pudo avanzar <strong>el camionero se baj\u00f3 del cami\u00f3n y dispar\u00f3 con su escopeta<\/strong>. En respuesta los activistas lanzaron lo que pudieron contra el cami\u00f3n y le rompieron el parabrisas. En medio de improperios el hombre arroj\u00f3 latas de cerveza y pretendi\u00f3 abrirse camino con el veh\u00edculo.<\/p>\r\n\r\n\r\n\r\n<p class=\"wp-block-paragraph\">Fue perseguido por agentes policiales, ya que<strong> no quiso responder a la voz de alto.<\/strong> Momento en que tuvieron que dispararles a las ruedas del cami\u00f3n, por suerte nadie sali\u00f3 herido de gravedad.<\/p>\r\n\r\n\r\n\r\n<p class=\"wp-block-paragraph\">Aun cuando fue alcanzado persist\u00eda <strong>en negarse a cooperar y sac\u00f3 un arma de la guantera<\/strong>. Y los agentes se vieron obligados a emplear porras y sacarlo a la fuerza, despu\u00e9s de ser atendido en el hospital<strong> fue encarcelado.<\/strong><\/p>\r\n\r\n\r\n\r\n<p class=\"wp-block-paragraph\">Ya es el cuarto s\u00e1bado consecutivo en el que los manifestantes apoyan a \u2018chalecos amarillos\u2019 en las principales ciudades francesas.<strong> Esta vez contra el impuesto de los carburantes.<\/strong><\/p>\r\n\r\n\r\n\r\n<h3 class=\"wp-block-heading\"><span class=\"ez-toc-section\" id=\"Los_CDR_finalizan_el_corte_de_la_AP-7\"><\/span>Los CDR finalizan el corte de la AP-7<span class=\"ez-toc-section-end\"><\/span><\/h3>\r\n\r\n\r\n\r\n<p class=\"wp-block-paragraph\">Mientras que cientos de camioneros andaluces permanec\u00edan atrapados por las protestas. <strong>Los activistas del Comit\u00e9 de Defensa de la Rep\u00fablica permanec\u00edan cerrando el tr\u00e1fico de la AP-7 por m\u00e1s de 15 horas.<\/strong><\/p>\r\n\r\n\r\n\r\n<p class=\"wp-block-paragraph\">En su intento por viajar por Europa los transportistas de encontraron con el bloque de las carreteras hacia Francia. Del lado franc\u00e9s estaban los \u2018chalecos amarillos\u2019 y por el espa\u00f1ol los del CDR. Afectando el trabajo de miles de camiones con t\u00f3rridas jornadas de horas en <strong>colas kilom\u00e9tricas.<\/strong><\/p>\r\n\r\n\r\n\r\n<p class=\"wp-block-paragraph\"><strong>El s\u00e1bado por la ma\u00f1ana, permaneci\u00f3 cerrada la frontera de Ir\u00fan del lado franc\u00e9s<\/strong>. Que estuvo bloqueado por los activistas en el peaje de Biriatou, generando colas de hasta siete kil\u00f3metros<\/p>\r\n\r\n\r\n\r\n<blockquote class=\"wp-block-quote is-layout-flow wp-block-quote-is-layout-flow\">\r\n<p>Dato de Inter\u00e9s<\/p>\r\n<p>La Patronal de transportistas FENADISMER declara que son casi 20.000 camiones los que cruzan la frontera hacia Francia. Procedentes en su mayor\u00eda de Andaluc\u00eda, para recorrer las carreteras europeas. Por lo que estos bloqueos y protestas sucesivas afectan econ\u00f3micamente a miles de transportistas y sus respectivas compa\u00f1\u00edas.<\/p>\r\n<p>Y muchos de ellos, tras pasar la frontera se han encontrado con otras protestas en el pa\u00eds galo. Por lo que han tenido que regresar a Espa\u00f1a. En Tarragona y en la Girona le pasaron situaciones similares<\/p>\r\n<\/blockquote>\r\n","protected":false},"excerpt":{"rendered":"<p>Las protestas que estuvieron paralizando el tr\u00e1fico hasta por 15 horas, formaron retenciones kilom\u00e9tricas. Los Comit\u00e9 de Defensa de la Rep\u00fablica hab\u00edan cortado la AP-7 en L\u2019Ampolla de Tarragona y el tr\u00e1fico logr\u00f3 restablecerse el viernes temprano. Compara los seguros de Camiones m\u00e1s baratos en tan solo unos minutos. CDR inform\u00f3 por las redes sociales [&hellip;]<\/p>\n","protected":false},"author":1,"featured_media":384,"comment_status":"open","ping_status":"open","sticky":false,"template":"","format":"standard","meta":{"_et_pb_use_builder":"","_et_pb_old_content":"","_et_gb_content_width":"","footnotes":""},"categories":[1],"tags":[],"class_list":["post-381","post","type-post","status-publish","format-standard","has-post-thumbnail","hentry","category-sin-categoria"],"_links":{"self":[{"href":"https:\/\/www.seguros-camiones.com\/blog\/wp-json\/wp\/v2\/posts\/381","targetHints":{"allow":["GET"]}}],"collection":[{"href":"https:\/\/www.seguros-camiones.com\/blog\/wp-json\/wp\/v2\/posts"}],"about":[{"href":"https:\/\/www.seguros-camiones.com\/blog\/wp-json\/wp\/v2\/types\/post"}],"author":[{"embeddable":true,"href":"https:\/\/www.seguros-camiones.com\/blog\/wp-json\/wp\/v2\/users\/1"}],"replies":[{"embeddable":true,"href":"https:\/\/www.seguros-camiones.com\/blog\/wp-json\/wp\/v2\/comments?post=381"}],"version-history":[{"count":1,"href":"https:\/\/www.seguros-camiones.com\/blog\/wp-json\/wp\/v2\/posts\/381\/revisions"}],"predecessor-version":[{"id":1352,"href":"https:\/\/www.seguros-camiones.com\/blog\/wp-json\/wp\/v2\/posts\/381\/revisions\/1352"}],"wp:featuredmedia":[{"embeddable":true,"href":"https:\/\/www.seguros-camiones.com\/blog\/wp-json\/wp\/v2\/media\/384"}],"wp:attachment":[{"href":"https:\/\/www.seguros-camiones.com\/blog\/wp-json\/wp\/v2\/media?parent=381"}],"wp:term":[{"taxonomy":"category","embeddable":true,"href":"https:\/\/www.seguros-camiones.com\/blog\/wp-json\/wp\/v2\/categories?post=381"},{"taxonomy":"post_tag","embeddable":true,"href":"https:\/\/www.seguros-camiones.com\/blog\/wp-json\/wp\/v2\/tags?post=381"}],"curies":[{"name":"wp","href":"https:\/\/api.w.org\/{rel}","templated":true}]}}