{"id":385,"date":"2018-12-19T20:36:43","date_gmt":"2018-12-19T20:36:43","guid":{"rendered":"https:\/\/www.seguros-camiones.com\/blog\/?p=385"},"modified":"2024-08-03T04:48:39","modified_gmt":"2024-08-03T04:48:39","slug":"un-camion-accidentado-quedo-suspendido-en-el-vacio","status":"publish","type":"post","link":"https:\/\/www.seguros-camiones.com\/blog\/un-camion-accidentado-quedo-suspendido-en-el-vacio\/12\/2018\/","title":{"rendered":"Un cami\u00f3n accidentado qued\u00f3 Suspendido en el vac\u00edo"},"content":{"rendered":"\r\n<p class=\"wp-block-paragraph\">Un cami\u00f3n sufri\u00f3 un percance este martes en la ma\u00f1ana, en la D104 y qued\u00f3 suspendido en el vac\u00edo. Sin embargo, <strong>el camionero<\/strong> tras haber perdido el control<strong> pudo salir ileso,<\/strong> salv\u00e1ndose del filo de la muerte.<\/p>\r\n\r\n\r\n\r\n<p class=\"wp-block-paragraph\" style=\"text-align: center;\"><strong><em><a href=\"https:\/\/www.seguros-camiones.com\/\">Compara los seguros de Camiones m\u00e1s baratos en tan solo unos minutos<\/a><\/em><\/strong><\/p>\r\n\r\n\r\n\r\n<p class=\"wp-block-paragraph\">Alrededor de las 6 de la ma\u00f1ana el cami\u00f3n ven\u00eda de Aubenas se accident\u00f3 en Veyras, del distrito de B\u00e9al en Francia. <strong>Tras golpear con las vallas de la v\u00eda<\/strong>, ha quedado suspendido por un instante que el conductor logr\u00f3 aprovechar.<\/p>\r\n\r\n\r\n\r\n<p class=\"wp-block-paragraph\">La cabina del articulado hab\u00eda quedado en el aire, sin embargo, estaba suficientemente <strong>cerca de la carretera.<\/strong><\/p>\r\n\r\n\r\n\r\n<p class=\"wp-block-paragraph\">La polic\u00eda actu\u00f3 con rapidez, logrando desviar el tr\u00e1fico mientras se proced\u00eda a levantar el veh\u00edculo. Declararon que la carretera es peligrosa en este giro por las condiciones invernales. Por lo que <strong>se recomienda moderaci\u00f3n de la velocidad.<\/strong><\/p>\r\n\r\n\r\n\r\n<div id=\"ez-toc-container\" class=\"ez-toc-v2_0_87 counter-hierarchy ez-toc-counter ez-toc-grey ez-toc-container-direction\">\n<div class=\"ez-toc-title-container\">\n<p class=\"ez-toc-title\" style=\"cursor:inherit\">Table of Contents<\/p>\n<span class=\"ez-toc-title-toggle\"><a href=\"#\" class=\"ez-toc-pull-right ez-toc-btn ez-toc-btn-xs ez-toc-btn-default ez-toc-toggle\" aria-label=\"Alternar tabla de contenidos\"><span class=\"ez-toc-js-icon-con\"><span class=\"\"><span class=\"eztoc-hide\" style=\"display:none;\">Toggle<\/span><span class=\"ez-toc-icon-toggle-span\"><svg style=\"fill: #999;color:#999\" xmlns=\"http:\/\/www.w3.org\/2000\/svg\" class=\"list-377408\" width=\"20px\" height=\"20px\" viewBox=\"0 0 24 24\" fill=\"none\"><path d=\"M6 6H4v2h2V6zm14 0H8v2h12V6zM4 11h2v2H4v-2zm16 0H8v2h12v-2zM4 16h2v2H4v-2zm16 0H8v2h12v-2z\" fill=\"currentColor\"><\/path><\/svg><svg style=\"fill: #999;color:#999\" class=\"arrow-unsorted-368013\" xmlns=\"http:\/\/www.w3.org\/2000\/svg\" width=\"10px\" height=\"10px\" viewBox=\"0 0 24 24\" version=\"1.2\" baseProfile=\"tiny\"><path d=\"M18.2 9.3l-6.2-6.3-6.2 6.3c-.2.2-.3.4-.3.7s.1.5.3.7c.2.2.4.3.7.3h11c.3 0 .5-.1.7-.3.2-.2.3-.5.3-.7s-.1-.5-.3-.7zM5.8 14.7l6.2 6.3 6.2-6.3c.2-.2.3-.5.3-.7s-.1-.5-.3-.7c-.2-.2-.4-.3-.7-.3h-11c-.3 0-.5.1-.7.3-.2.2-.3.5-.3.7s.1.5.3.7z\"\/><\/svg><\/span><\/span><\/span><\/a><\/span><\/div>\n<nav><ul class='ez-toc-list ez-toc-list-level-1 ' ><li class='ez-toc-page-1 ez-toc-heading-level-3'><a class=\"ez-toc-link ez-toc-heading-1\" href=\"https:\/\/www.seguros-camiones.com\/blog\/un-camion-accidentado-quedo-suspendido-en-el-vacio\/12\/2018\/#Otro_camion_suspendido\" >Otro cami\u00f3n suspendido<\/a><\/li><li class='ez-toc-page-1 ez-toc-heading-level-3'><a class=\"ez-toc-link ez-toc-heading-2\" href=\"https:\/\/www.seguros-camiones.com\/blog\/un-camion-accidentado-quedo-suspendido-en-el-vacio\/12\/2018\/#Impacto_de_camion\" >Impacto de cami\u00f3n<\/a><\/li><li class='ez-toc-page-1 ez-toc-heading-level-3'><a class=\"ez-toc-link ez-toc-heading-3\" href=\"https:\/\/www.seguros-camiones.com\/blog\/un-camion-accidentado-quedo-suspendido-en-el-vacio\/12\/2018\/#Camiones_volcados\" >Camiones volcados<\/a><\/li><li class='ez-toc-page-1 ez-toc-heading-level-3'><a class=\"ez-toc-link ez-toc-heading-4\" href=\"https:\/\/www.seguros-camiones.com\/blog\/un-camion-accidentado-quedo-suspendido-en-el-vacio\/12\/2018\/#Fuego_en_Valladolid\" >Fuego en Valladolid<\/a><\/li><li class='ez-toc-page-1 ez-toc-heading-level-3'><a class=\"ez-toc-link ez-toc-heading-5\" href=\"https:\/\/www.seguros-camiones.com\/blog\/un-camion-accidentado-quedo-suspendido-en-el-vacio\/12\/2018\/#Choque_en_Zafra\" >Choque en Zafra<\/a><\/li><\/ul><\/nav><\/div>\n<h3 class=\"wp-block-heading\"><span class=\"ez-toc-section\" id=\"Otro_camion_suspendido\"><\/span>Otro cami\u00f3n suspendido<span class=\"ez-toc-section-end\"><\/span><\/h3>\r\n\r\n\r\n\r\n<p class=\"wp-block-paragraph\">La madrugada del lunes a eso de la 1:30 <strong>un camionero que tambi\u00e9n perdi\u00f3 el control<\/strong> <strong>se sali\u00f3 de la carretera. <\/strong>Estaba pasando por el puente Capitaine Geze en la localidad de Marsella en Francia.<\/p>\r\n\r\n\r\n\r\n<p class=\"wp-block-paragraph\">El choque violento, destruy\u00f3 la valla de contenci\u00f3n y <strong>la cabeza tractora qued\u00f3 en el vac\u00edo<\/strong>. El semirremolque era lo que sosten\u00eda el veh\u00edculo y el conductor herido en la cabina debi\u00f3 esperar para ser liberado.<\/p>\r\n\r\n\r\n\r\n<p class=\"wp-block-paragraph\"><strong>Los bomberos pudieron rescatarlo<\/strong> usando una escalera para trasladarlo urgentemente a un centro asistencial.<\/p>\r\n\r\n\r\n\r\n<h3 class=\"wp-block-heading\"><span class=\"ez-toc-section\" id=\"Impacto_de_camion\"><\/span>Impacto de cami\u00f3n<span class=\"ez-toc-section-end\"><\/span><\/h3>\r\n\r\n\r\n\r\n<p class=\"wp-block-paragraph\">Un coche parado en el arc\u00e9n de la autov\u00eda A-67 fue impactado por un cami\u00f3n en Arenas de Igu\u00f1a. El conductor inocente de 39 a\u00f1os ha quedado<strong> gravemente herido<\/strong> y fue trasladado al Hospital Comarcal de Sierrallana.<\/p>\r\n\r\n\r\n\r\n<p class=\"wp-block-paragraph\">El cami\u00f3n <strong>choc\u00f3 inexplicablemente contra el lateral izquierdo del coche <\/strong>como lo relata el Servicio de Emergencias 112. El 061 Cantabria inform\u00f3 por v\u00eda Twitter que tambi\u00e9n se movilizaron los servicios del SUAP de Los Corrales de Buelna.<\/p>\r\n\r\n\r\n\r\n<h3 class=\"wp-block-heading\"><span class=\"ez-toc-section\" id=\"Camiones_volcados\"><\/span>Camiones volcados<span class=\"ez-toc-section-end\"><\/span><\/h3>\r\n\r\n\r\n\r\n<p class=\"wp-block-paragraph\">El martes fue el d\u00eda de los<strong> camiones accidentados en las carreteras alavesas.<\/strong><\/p>\r\n\r\n\r\n\r\n<p class=\"wp-block-paragraph\">Un accidente en horas de la ma\u00f1ana en la A1 sucedi\u00f3 cerca de Asparrena. En el que los bomberos tuvieron que estabilizar el remolque de un <strong>cami\u00f3n volcado parcialmente.<\/strong><\/p>\r\n\r\n\r\n\r\n<p class=\"wp-block-paragraph\">Cerca del mediod\u00eda de ayer en la calle Isabel II<strong> un cami\u00f3n impact\u00f3 con un andamio<\/strong> y qued\u00f3 semivolcado. Qued\u00f3 en el extremo de la calzada por dos horas hasta que una gr\u00faa lo retir\u00f3.<\/p>\r\n\r\n\r\n\r\n<p class=\"wp-block-paragraph\">Alrededor de las dos de la tarde<strong> se volc\u00f3 uno en la N-240 y qued\u00f3 cruzado en la carretera a la altura del kil\u00f3metro 6.<\/strong> Afectando el tr\u00e1nsito en sentido hacia Legutiano cerca de Vitoria-Gasteiz<\/p>\r\n\r\n\r\n\r\n<p class=\"wp-block-paragraph\">A las 4:30 de la tarde, en la salida de Vitoria hacia la N1 en la carretera N104 <strong>un cami\u00f3n qued\u00f3 atravesado<\/strong>. En el sector de Salburua provocando retenciones.<\/p>\r\n\r\n\r\n\r\n<h3 class=\"wp-block-heading\"><span class=\"ez-toc-section\" id=\"Fuego_en_Valladolid\"><\/span>Fuego en Valladolid<span class=\"ez-toc-section-end\"><\/span><\/h3>\r\n\r\n\r\n\r\n<p class=\"wp-block-paragraph\">El <strong>fuego inexplicable de un coche<\/strong> sobre un cami\u00f3n que transportaba veh\u00edculos se extendi\u00f3 atrapando a seis m\u00e1s. Todo sucedi\u00f3 a partir de las 4:45 de la madrugada del lunes en Cubillas de Santa Marta.<\/p>\r\n\r\n\r\n\r\n<p class=\"wp-block-paragraph\">Intervinieron r\u00e1pidamente los cuerpos de seguridad y la Guardia Civil. Sin embargo, <strong>las llamas consumieron en su totalidad a seis veh\u00edculos nuevos y parte de otros dos.<\/strong> As\u00ed como la plataforma donde estaban asegurados.<\/p>\r\n\r\n\r\n\r\n<p class=\"wp-block-paragraph\">La dotaci\u00f3n de los Bomberos de Valladolid <strong>tuvo que actuar durante una hora y cuarto para sofocar las llamas. <\/strong>Adem\u00e1s de asegurar el \u00e1rea para evitar su propagaci\u00f3n. La Guardia Civil estuvo regulando el tr\u00e1fico por el paso alternativo.<\/p>\r\n\r\n\r\n\r\n<p class=\"wp-block-paragraph\">El tr\u00e1nsito se normaliz\u00f3 despu\u00e9s de la seis de la ma\u00f1ana y <strong>no hubo v\u00edctimas que lamentar<\/strong>.<\/p>\r\n\r\n\r\n\r\n<h3 class=\"wp-block-heading\"><span class=\"ez-toc-section\" id=\"Choque_en_Zafra\"><\/span>Choque en Zafra<span class=\"ez-toc-section-end\"><\/span><\/h3>\r\n\r\n\r\n\r\n<p class=\"wp-block-paragraph\"><strong>Un cami\u00f3n<\/strong> que transportaba mercanc\u00edas peligrosas (hipoclorito) <strong>choc\u00f3 cerca de las 9:00 de la ma\u00f1ana de ayer.<\/strong> Quedando parcialmente incrustado en el concesionario de la Ford del pol\u00edgono industrial la localidad de Zafra.<\/p>\r\n\r\n\r\n\r\n<p class=\"wp-block-paragraph\">Todo pas\u00f3 en cosa de un instante, cuando el conductor se detuvo a revisar una aver\u00eda. Al bajarse del veh\u00edculo para arreglarlo. <strong>El cami\u00f3n dio marcha atr\u00e1s<\/strong> y en cosa de segundos ya estaba chocando contra el edificio.<\/p>\r\n\r\n\r\n\r\n<p class=\"wp-block-paragraph\">El veh\u00edculo es de la empresa transportadora de qu\u00edmicos Dimesa de Nogales. Y provoc\u00f3 un derrame de sustancias que hicieron detener el tr\u00e1fico por horas, la Guardia Civil acordon\u00f3 la zona. Se movilizaron los cuerpos de bomberos de Llerena y Zafra, <strong>portando trajes especiales NBQ.<\/strong><\/p>\r\n\r\n\r\n\r\n<p class=\"wp-block-paragraph\" style=\"text-align: center;\"><br \/><strong><em><a href=\"https:\/\/www.seguros-camiones.com\/\">Compara los seguros de Camiones m\u00e1s baratos en tan solo unos minutos<\/a><\/em><\/strong><\/p>\r\n\r\n\r\n\r\n<p class=\"wp-block-paragraph\"><strong>Los bomberos abrieron las alcantarillas <\/strong>y estuvieron echando agua para hacer correr el hipoclorito. Y se ralentiz\u00f3 la entrada que lleva a la zona industrial.<\/p>\r\n","protected":false},"excerpt":{"rendered":"<p>Un cami\u00f3n sufri\u00f3 un percance este martes en la ma\u00f1ana, en la D104 y qued\u00f3 suspendido en el vac\u00edo. Sin embargo, el camionero tras haber perdido el control pudo salir ileso, salv\u00e1ndose del filo de la muerte. Compara los seguros de Camiones m\u00e1s baratos en tan solo unos minutos Alrededor de las 6 de la [&hellip;]<\/p>\n","protected":false},"author":1,"featured_media":388,"comment_status":"open","ping_status":"open","sticky":false,"template":"","format":"standard","meta":{"_et_pb_use_builder":"","_et_pb_old_content":"","_et_gb_content_width":"","footnotes":""},"categories":[13],"tags":[],"class_list":["post-385","post","type-post","status-publish","format-standard","has-post-thumbnail","hentry","category-accidentes"],"_links":{"self":[{"href":"https:\/\/www.seguros-camiones.com\/blog\/wp-json\/wp\/v2\/posts\/385","targetHints":{"allow":["GET"]}}],"collection":[{"href":"https:\/\/www.seguros-camiones.com\/blog\/wp-json\/wp\/v2\/posts"}],"about":[{"href":"https:\/\/www.seguros-camiones.com\/blog\/wp-json\/wp\/v2\/types\/post"}],"author":[{"embeddable":true,"href":"https:\/\/www.seguros-camiones.com\/blog\/wp-json\/wp\/v2\/users\/1"}],"replies":[{"embeddable":true,"href":"https:\/\/www.seguros-camiones.com\/blog\/wp-json\/wp\/v2\/comments?post=385"}],"version-history":[{"count":1,"href":"https:\/\/www.seguros-camiones.com\/blog\/wp-json\/wp\/v2\/posts\/385\/revisions"}],"predecessor-version":[{"id":1351,"href":"https:\/\/www.seguros-camiones.com\/blog\/wp-json\/wp\/v2\/posts\/385\/revisions\/1351"}],"wp:featuredmedia":[{"embeddable":true,"href":"https:\/\/www.seguros-camiones.com\/blog\/wp-json\/wp\/v2\/media\/388"}],"wp:attachment":[{"href":"https:\/\/www.seguros-camiones.com\/blog\/wp-json\/wp\/v2\/media?parent=385"}],"wp:term":[{"taxonomy":"category","embeddable":true,"href":"https:\/\/www.seguros-camiones.com\/blog\/wp-json\/wp\/v2\/categories?post=385"},{"taxonomy":"post_tag","embeddable":true,"href":"https:\/\/www.seguros-camiones.com\/blog\/wp-json\/wp\/v2\/tags?post=385"}],"curies":[{"name":"wp","href":"https:\/\/api.w.org\/{rel}","templated":true}]}}