{"id":402,"date":"2019-01-05T20:36:35","date_gmt":"2019-01-05T20:36:35","guid":{"rendered":"https:\/\/www.seguros-camiones.com\/blog\/?p=402"},"modified":"2024-08-03T04:47:21","modified_gmt":"2024-08-03T04:47:21","slug":"restringida-la-circulacion-de-camiones-en-cordoba","status":"publish","type":"post","link":"https:\/\/www.seguros-camiones.com\/blog\/restringida-la-circulacion-de-camiones-en-cordoba\/01\/2019\/","title":{"rendered":"Restringida la circulaci\u00f3n de camiones en C\u00f3rdoba"},"content":{"rendered":"\r\n<p class=\"wp-block-paragraph\">La restricci\u00f3n estuvo en vigencia para veh\u00edculos pesados de transporte de cargas generales, residuos peligrosos y mercader\u00eda. Esta limitaci\u00f3n est\u00e1 regulada seg\u00fan disposici\u00f3n N.\u00ba 159\/18 de la Agencia de Seguridad Vial.<\/p>\r\n\r\n\r\n\r\n<p class=\"wp-block-paragraph\">Con motivo a las festividades de A\u00f1o nuevo fue restringida la circulaci\u00f3n de veh\u00edculos de carga en la Provincia de C\u00f3rdoba. Dicha disposici\u00f3n rigi\u00f3 para la circulaci\u00f3n del transporte automotor, espec\u00edficamente veh\u00edculos de cargas. Se incluyen los de mercader\u00edas, general y los de residuos peligrosos. Ser\u00e1 implementada en las rutas 7,8,9,1V09,19,20,35,36,38,148 y 158, que atraviesan la Provincia.<\/p>\r\n\r\n\r\n\r\n<blockquote class=\"wp-block-quote is-layout-flow wp-block-quote-is-layout-flow\">\r\n<p>Tambi\u00e9n podr\u00eda interesarte: <a href=\"https:\/\/www.seguros-camiones.com\/blog\/robos-a-transportistas-en-cadiz\/12\/2018\/\">ola de robos a los transportistas en C\u00e1diz<\/a><\/p>\r\n<\/blockquote>\r\n\r\n\r\n\r\n<div id=\"ez-toc-container\" class=\"ez-toc-v2_0_87 counter-hierarchy ez-toc-counter ez-toc-grey ez-toc-container-direction\">\n<div class=\"ez-toc-title-container\">\n<p class=\"ez-toc-title\" style=\"cursor:inherit\">Table of Contents<\/p>\n<span class=\"ez-toc-title-toggle\"><a href=\"#\" class=\"ez-toc-pull-right ez-toc-btn ez-toc-btn-xs ez-toc-btn-default ez-toc-toggle\" aria-label=\"Alternar tabla de contenidos\"><span class=\"ez-toc-js-icon-con\"><span class=\"\"><span class=\"eztoc-hide\" style=\"display:none;\">Toggle<\/span><span class=\"ez-toc-icon-toggle-span\"><svg style=\"fill: #999;color:#999\" xmlns=\"http:\/\/www.w3.org\/2000\/svg\" class=\"list-377408\" width=\"20px\" height=\"20px\" viewBox=\"0 0 24 24\" fill=\"none\"><path d=\"M6 6H4v2h2V6zm14 0H8v2h12V6zM4 11h2v2H4v-2zm16 0H8v2h12v-2zM4 16h2v2H4v-2zm16 0H8v2h12v-2z\" fill=\"currentColor\"><\/path><\/svg><svg style=\"fill: #999;color:#999\" class=\"arrow-unsorted-368013\" xmlns=\"http:\/\/www.w3.org\/2000\/svg\" width=\"10px\" height=\"10px\" viewBox=\"0 0 24 24\" version=\"1.2\" baseProfile=\"tiny\"><path d=\"M18.2 9.3l-6.2-6.3-6.2 6.3c-.2.2-.3.4-.3.7s.1.5.3.7c.2.2.4.3.7.3h11c.3 0 .5-.1.7-.3.2-.2.3-.5.3-.7s-.1-.5-.3-.7zM5.8 14.7l6.2 6.3 6.2-6.3c.2-.2.3-.5.3-.7s-.1-.5-.3-.7c-.2-.2-.4-.3-.7-.3h-11c-.3 0-.5.1-.7.3-.2.2-.3.5-.3.7s.1.5.3.7z\"\/><\/svg><\/span><\/span><\/span><\/a><\/span><\/div>\n<nav><ul class='ez-toc-list ez-toc-list-level-1 ' ><li class='ez-toc-page-1 ez-toc-heading-level-2'><a class=\"ez-toc-link ez-toc-heading-1\" href=\"https:\/\/www.seguros-camiones.com\/blog\/restringida-la-circulacion-de-camiones-en-cordoba\/01\/2019\/#Algunas_excepciones\" >Algunas excepciones<\/a><\/li><li class='ez-toc-page-1 ez-toc-heading-level-2'><a class=\"ez-toc-link ez-toc-heading-2\" href=\"https:\/\/www.seguros-camiones.com\/blog\/restringida-la-circulacion-de-camiones-en-cordoba\/01\/2019\/#Informaciones_oficiales\" >Informaciones oficiales<\/a><\/li><li class='ez-toc-page-1 ez-toc-heading-level-2'><a class=\"ez-toc-link ez-toc-heading-3\" href=\"https:\/\/www.seguros-camiones.com\/blog\/restringida-la-circulacion-de-camiones-en-cordoba\/01\/2019\/#Vehiculos_afectados\" >Veh\u00edculos afectados<\/a><\/li><\/ul><\/nav><\/div>\n<h2 class=\"wp-block-heading\"><span class=\"ez-toc-section\" id=\"Algunas_excepciones\"><\/span>Algunas excepciones<span class=\"ez-toc-section-end\"><\/span><\/h2>\r\n\r\n\r\n\r\n<p class=\"wp-block-paragraph\">Seg\u00fan la informaci\u00f3n suministrada por la polic\u00eda de C\u00f3rdoba, quedar\u00edan exceptuados de esta restricci\u00f3n, los veh\u00edculos que transportan alimentos y v\u00edveres.Espec\u00edficamente los que trasladan leche cruda y los derivados de esta, animales vivos y en canal frutos y hortalizas<\/p>\r\n\r\n\r\n\r\n<p class=\"wp-block-paragraph\">Tambi\u00e9n pudieron circular los transportes de medicinas, los de atenci\u00f3n de emergencias bomberos, ambulancias y los trasportes de prensa. ya sea escrita, radio o televisi\u00f3n. La excepci\u00f3n incluye los transportes cisternas de combustibles y lubricantes y Gas natural ComprimidoGN. Adem\u00e1s,se except\u00faan los transportes de gas medicinal y los de residuos de s\u00f3lidos.<\/p>\r\n\r\n\r\n\r\n<blockquote class=\"wp-block-quote is-layout-flow wp-block-quote-is-layout-flow\">\r\n<p><a href=\"https:\/\/www.seguros-generales.es\/\" target=\"_blank\" rel=\"noopener\">Para contar con el mejor seguro de camiones, debes utilizar el mejor comparador de seguros<\/a><\/p>\r\n<\/blockquote>\r\n\r\n\r\n\r\n<p class=\"wp-block-paragraph\">Podr\u00edan circular sin restricci\u00f3n los transportes de gases necesarios para el funcionamiento de Centros Sanitarios, as\u00ed como gases transportados a particulares para asistencia sanitaria domiciliaria. En ambos casos debe acreditarse que se transporta a esos destinos. Igualmente podr\u00e1n circular los de asistencia a veh\u00edculos averiados o accidentados hasta el sitio m\u00e1s pr\u00f3ximo donde puedan quedar depositados.<\/p>\r\n\r\n\r\n\r\n<h2 class=\"wp-block-heading\"><span class=\"ez-toc-section\" id=\"Informaciones_oficiales\"><\/span>Informaciones oficiales<span class=\"ez-toc-section-end\"><\/span><\/h2>\r\n\r\n\r\n\r\n<p class=\"wp-block-paragraph\">As\u00ed mismo, informo la Polic\u00eda de C\u00f3rdoba, que la restricci\u00f3n fue implementada el d\u00eda martes 1 de enero. El horario contemplado ser\u00e1 desde las 6:00 a las 9:59 para las rutas nacionales 7,8,9,1V09,19,20,35,36,38,148 y 158.Para la autov\u00eda 1V09 en el tramo comprendido entre el km 0 hasta la circunvalaci\u00f3n se restringir\u00e1 la circulaci\u00f3n en sentido ascendente.<\/p>\r\n\r\n\r\n\r\n<p class=\"wp-block-paragraph\">De igual manera, dicha restricci\u00f3n entr\u00f3 nuevamente el mismo martes 1 de enero, pero en horario desde las 20.00 hasta las 23:59. Se considerar\u00e1n las mismas rutas, 7, 8, 9, 1V09, 19, 20, 35, 38, 148, y 158. Fue informado que para la autov\u00eda 1V09 quedara restringida la circulaci\u00f3n en sentido descendente en el tramo comprendido entre el km 0 y la avenida Circunvalaci\u00f3n.<\/p>\r\n\r\n\r\n\r\n<blockquote class=\"wp-block-quote is-layout-flow wp-block-quote-is-layout-flow\">\r\n<p><a href=\"https:\/\/www.seguros-generales.es\/\" target=\"_blank\" rel=\"noopener\">Para contar con el mejor seguro de camiones, debes utilizar el mejor comparador de seguros<\/a><\/p>\r\n<\/blockquote>\r\n\r\n\r\n\r\n<h2 class=\"wp-block-heading\"><span class=\"ez-toc-section\" id=\"Vehiculos_afectados\"><\/span>Veh\u00edculos afectados<span class=\"ez-toc-section-end\"><\/span><\/h2>\r\n\r\n\r\n\r\n<p class=\"wp-block-paragraph\">Establece la disposici\u00f3n N.\u00aa 159\/18 de la ANSV que la restricci\u00f3n regir\u00e1 para las siguientes categor\u00edas:<\/p>\r\n\r\n\r\n\r\n<ul class=\"wp-block-list\">\r\n<li>N2. Veh\u00edculosutilizados para transporte de carga con un peso m\u00e1ximo superior a los TRES MIL QUINIENTOS KILOGRAMOS (3.500 Kg), pero inferior a los DOCE MIL KILOGRAMOS (12.000 Kg)<\/li>\r\n<li>N3. Veh\u00edculos para transporte de carga con un peso m\u00e1ximo superior a los DOCE MIL KILOGRAMOS (12.000 Kg)<\/li>\r\n<li>O. Acoplados (incluyendo semi acoplados)<\/li>\r\n<li>O3 Acoplados con un peso m\u00e1ximo superior a los TRES MIL QUINIENTOS KILOGRAMOS (3.500 Kg) pero que no exceda los DIEZ MIL KILOGRAMOS (10.000 Kg)<\/li>\r\n<li>O4 Acoplados con un peso m\u00e1ximo superior a los DIEZ MIL KILOGRAMOS (10.000 Kg)<\/li>\r\n<\/ul>\r\n\r\n\r\n\r\n<p class=\"wp-block-paragraph\">Seg\u00fan Art 28 del Anexo 1 del Decreto N.\u00ba 779\/95. Reglamentario Ley N.\u00ba 24.449, en los t\u00e9rminos de la Disposici\u00f3n ANSV 465\/10. Por directivas de la Direcci\u00f3n de Prevenci\u00f3n de Accidentes de Tr\u00e1nsito, los camiones destinados al transporte de leche cruda y de combustibles SE ENCUENTRAN EXCEPTUADOS DE LA MEDIDA EN TODOS LOS CASOS.Es decir, sin importar si lo hacen con carga parcial o completa o vac\u00edos.<\/p>\r\n\r\n\r\n\r\n<p class=\"wp-block-paragraph\">De igual manera la Polic\u00eda de la Provincia de C\u00f3rdoba se\u00f1alo, que seg\u00fan esta disposici\u00f3n regulatoria deja exceptuada la ruta nacional 60, que atraviesa la Provincia, para ambos horarios. Esta disposici\u00f3n fue ratificada por la Direcci\u00f3n de Prevenci\u00f3n de Accidentes de Tr\u00e1nsito.<\/p>\r\n","protected":false},"excerpt":{"rendered":"<p>La restricci\u00f3n estuvo en vigencia para veh\u00edculos pesados de transporte de cargas generales, residuos peligrosos y mercader\u00eda. Esta limitaci\u00f3n est\u00e1 regulada seg\u00fan disposici\u00f3n N.\u00ba 159\/18 de la Agencia de Seguridad Vial. Con motivo a las festividades de A\u00f1o nuevo fue restringida la circulaci\u00f3n de veh\u00edculos de carga en la Provincia de C\u00f3rdoba. Dicha disposici\u00f3n rigi\u00f3 [&hellip;]<\/p>\n","protected":false},"author":1,"featured_media":404,"comment_status":"open","ping_status":"open","sticky":false,"template":"","format":"standard","meta":{"_et_pb_use_builder":"","_et_pb_old_content":"","_et_gb_content_width":"","footnotes":""},"categories":[4],"tags":[],"class_list":["post-402","post","type-post","status-publish","format-standard","has-post-thumbnail","hentry","category-noticia"],"_links":{"self":[{"href":"https:\/\/www.seguros-camiones.com\/blog\/wp-json\/wp\/v2\/posts\/402","targetHints":{"allow":["GET"]}}],"collection":[{"href":"https:\/\/www.seguros-camiones.com\/blog\/wp-json\/wp\/v2\/posts"}],"about":[{"href":"https:\/\/www.seguros-camiones.com\/blog\/wp-json\/wp\/v2\/types\/post"}],"author":[{"embeddable":true,"href":"https:\/\/www.seguros-camiones.com\/blog\/wp-json\/wp\/v2\/users\/1"}],"replies":[{"embeddable":true,"href":"https:\/\/www.seguros-camiones.com\/blog\/wp-json\/wp\/v2\/comments?post=402"}],"version-history":[{"count":1,"href":"https:\/\/www.seguros-camiones.com\/blog\/wp-json\/wp\/v2\/posts\/402\/revisions"}],"predecessor-version":[{"id":1348,"href":"https:\/\/www.seguros-camiones.com\/blog\/wp-json\/wp\/v2\/posts\/402\/revisions\/1348"}],"wp:featuredmedia":[{"embeddable":true,"href":"https:\/\/www.seguros-camiones.com\/blog\/wp-json\/wp\/v2\/media\/404"}],"wp:attachment":[{"href":"https:\/\/www.seguros-camiones.com\/blog\/wp-json\/wp\/v2\/media?parent=402"}],"wp:term":[{"taxonomy":"category","embeddable":true,"href":"https:\/\/www.seguros-camiones.com\/blog\/wp-json\/wp\/v2\/categories?post=402"},{"taxonomy":"post_tag","embeddable":true,"href":"https:\/\/www.seguros-camiones.com\/blog\/wp-json\/wp\/v2\/tags?post=402"}],"curies":[{"name":"wp","href":"https:\/\/api.w.org\/{rel}","templated":true}]}}