{"id":407,"date":"2019-01-08T19:06:48","date_gmt":"2019-01-08T19:06:48","guid":{"rendered":"https:\/\/www.seguros-camiones.com\/blog\/?p=407"},"modified":"2024-08-03T04:47:05","modified_gmt":"2024-08-03T04:47:05","slug":"carreteras-espanolas-con-mas-accidentes-de-camiones","status":"publish","type":"post","link":"https:\/\/www.seguros-camiones.com\/blog\/carreteras-espanolas-con-mas-accidentes-de-camiones\/01\/2019\/","title":{"rendered":"Carreteras espa\u00f1olas con m\u00e1s accidentes de camiones"},"content":{"rendered":"\r\n<p class=\"wp-block-paragraph\">Seg\u00fan el \u00faltimo informe de EuroRAP (Programa Europeo de Evaluaci\u00f3n de Carreteras), la Comunidad Valenciana cuenta con algunas de las carreteras con los mayores accidentes de camiones en Espa\u00f1a.<\/p>\r\n\r\n\r\n\r\n<p class=\"wp-block-paragraph\">Una revisi\u00f3n de m\u00e1s de 24.866 km de las v\u00edas estatales, demuestra que la Comunidad Valenciana cuenta con dos tramos peligrosos. Exactamente el tramo A-7(conocido como Bypass) y la N-340 que va entre Pe\u00f1\u00edscola y Vinar\u00f2s. Ambas \u00a0con las mayores cantidades de accidentes para el transporte pesado. V\u00edas que todos los a\u00f1os se mantienen en las listas de las m\u00e1s accidentadas y riesgosas.<\/p>\r\n\r\n\r\n\r\n<blockquote class=\"wp-block-quote is-layout-flow wp-block-quote-is-layout-flow\">\r\n<p><em><strong>Te interesar\u00e1 leer:<\/strong> <a href=\"https:\/\/www.seguros-camiones.com\/blog\/restringida-la-circulacion-de-camiones-en-cordoba\/01\/2019\/\"><strong>Restringida la circulaci\u00f3n de camiones en C\u00f3rdoba<\/strong><\/a><\/em><\/p>\r\n<\/blockquote>\r\n\r\n\r\n\r\n<p class=\"wp-block-paragraph\">Para las motos tambi\u00e9n hay riesgos. El informe recoge que los tramos, V-31 (Pista de Silla) y \u00a0A-3 est\u00e1n entre las m\u00e1s peligrosas de Espa\u00f1a.<\/p>\r\n\r\n\r\n\r\n<div id=\"ez-toc-container\" class=\"ez-toc-v2_0_87 counter-hierarchy ez-toc-counter ez-toc-grey ez-toc-container-direction\">\n<div class=\"ez-toc-title-container\">\n<p class=\"ez-toc-title\" style=\"cursor:inherit\">Table of Contents<\/p>\n<span class=\"ez-toc-title-toggle\"><a href=\"#\" class=\"ez-toc-pull-right ez-toc-btn ez-toc-btn-xs ez-toc-btn-default ez-toc-toggle\" aria-label=\"Alternar tabla de contenidos\"><span class=\"ez-toc-js-icon-con\"><span class=\"\"><span class=\"eztoc-hide\" style=\"display:none;\">Toggle<\/span><span class=\"ez-toc-icon-toggle-span\"><svg style=\"fill: #999;color:#999\" xmlns=\"http:\/\/www.w3.org\/2000\/svg\" class=\"list-377408\" width=\"20px\" height=\"20px\" viewBox=\"0 0 24 24\" fill=\"none\"><path d=\"M6 6H4v2h2V6zm14 0H8v2h12V6zM4 11h2v2H4v-2zm16 0H8v2h12v-2zM4 16h2v2H4v-2zm16 0H8v2h12v-2z\" fill=\"currentColor\"><\/path><\/svg><svg style=\"fill: #999;color:#999\" class=\"arrow-unsorted-368013\" xmlns=\"http:\/\/www.w3.org\/2000\/svg\" width=\"10px\" height=\"10px\" viewBox=\"0 0 24 24\" version=\"1.2\" baseProfile=\"tiny\"><path d=\"M18.2 9.3l-6.2-6.3-6.2 6.3c-.2.2-.3.4-.3.7s.1.5.3.7c.2.2.4.3.7.3h11c.3 0 .5-.1.7-.3.2-.2.3-.5.3-.7s-.1-.5-.3-.7zM5.8 14.7l6.2 6.3 6.2-6.3c.2-.2.3-.5.3-.7s-.1-.5-.3-.7c-.2-.2-.4-.3-.7-.3h-11c-.3 0-.5.1-.7.3-.2.2-.3.5-.3.7s.1.5.3.7z\"\/><\/svg><\/span><\/span><\/span><\/a><\/span><\/div>\n<nav><ul class='ez-toc-list ez-toc-list-level-1 ' ><li class='ez-toc-page-1 ez-toc-heading-level-2'><a class=\"ez-toc-link ez-toc-heading-1\" href=\"https:\/\/www.seguros-camiones.com\/blog\/carreteras-espanolas-con-mas-accidentes-de-camiones\/01\/2019\/#2018_ano_accidentado\" >2018: a\u00f1o accidentado<\/a><\/li><li class='ez-toc-page-1 ez-toc-heading-level-2'><a class=\"ez-toc-link ez-toc-heading-2\" href=\"https:\/\/www.seguros-camiones.com\/blog\/carreteras-espanolas-con-mas-accidentes-de-camiones\/01\/2019\/#Prohibido_el_paso_de_Camiones_entre_Peniscola_y_Vinaros\" >Prohibido el paso de Camiones entre Pe\u00f1\u00edscola y Vinar\u00f3s<\/a><\/li><\/ul><\/nav><\/div>\n<h2 class=\"wp-block-heading\"><span class=\"ez-toc-section\" id=\"2018_ano_accidentado\"><\/span><strong>2018: a\u00f1o accidentado<\/strong><span class=\"ez-toc-section-end\"><\/span><\/h2>\r\n\r\n\r\n\r\n<p class=\"wp-block-paragraph\">El a\u00f1o 2018 fue el peor para la Comunidad Valenciana \u00a0en los casos de accidentes viales. De hecho el informe coincide con el balance de la Direcci\u00f3n General de Tr\u00e1fico (DGT). Este a\u00f1o se registraron 133 personas fallecidas en accidentes de tr\u00e1nsito, siendo la cifra m\u00e1s alta en siete a\u00f1os. Coloc\u00e1ndose entre las comunidades aut\u00f3nomas con el mayor incremento de este tipo.<\/p>\r\n\r\n\r\n\r\n<p class=\"wp-block-paragraph\">Las carreteras estatales son las que reciben mayor afluencia de tr\u00e1fico en todo el pa\u00eds. Y apenas reciben la mitad de la inversi\u00f3n que se necesita para el mantenimiento de las v\u00edas. Por eso la C\u00e1mara de Contratistas ha reclamado mayores inversiones. De los 1.589 kil\u00f3metros analizados en Valencia, Castell\u00f3n y Alicante, el informe concluye que el\u00a066,6% cuentan con riesgos elevados de accidentes.<\/p>\r\n\r\n\r\n\r\n<p class=\"wp-block-paragraph\">Concretamente, la Comunitat Valenciana cuenta con\u00a0tres tramos de riesgo: la N-330, en el cruce de Utiel con la N-III hasta Sinarcas; la N-340 en la variante de Nules; y la N-332 entre Favara y Sueca.<\/p>\r\n\r\n\r\n\r\n<blockquote class=\"wp-block-quote is-layout-flow wp-block-quote-is-layout-flow\">\r\n<p><em><strong>Te interesar\u00e1 leer: <a href=\"https:\/\/www.seguros-camiones.com\/blog\/ajuste-de-limite-de-velocidad\/01\/2019\/\">Ajuste del l\u00edmite de velocidad en carreteras<\/a><\/strong><\/em><\/p>\r\n<\/blockquote>\r\n\r\n\r\n\r\n<p class=\"wp-block-paragraph\">La carretera de la comunidad valenciana con mayor n\u00famero de accidentes es la A-7 \u00f3 Bypass, que este a\u00f1o repite en el informe. La A-7 que se extiende entre Pu\u00e7ol y Ribarroja\u00a0 tiene 30 km de carreteras. El tramo central de la primera parte del \u00e1rea metropolitana es la que cuenta con el mayor n\u00famero de accidentes.<\/p>\r\n\r\n\r\n\r\n<h2 class=\"wp-block-heading\"><span class=\"ez-toc-section\" id=\"Prohibido_el_paso_de_Camiones_entre_Peniscola_y_Vinaros\"><\/span><strong>Prohibido el paso de Camiones entre Pe\u00f1\u00edscola y Vinar\u00f3s<\/strong><span class=\"ez-toc-section-end\"><\/span><\/h2>\r\n\r\n\r\n\r\n<p class=\"wp-block-paragraph\">Con el objetivo de mejorar la seguridad vial en las carreteras. En septiembre del a\u00f1o pasado la DGT restringi\u00f3 la circulaci\u00f3n de camiones en los 12 km de la N-340. Seg\u00fan el informe ya mencionado se destaco que el 22% de los kil\u00f3metros de este tipo de v\u00edas tienen un riesgo elevado o muy elevado de accidentes.<\/p>\r\n\r\n\r\n\r\n<p class=\"wp-block-paragraph\">Tanto en el bypass como la N-340 se registran un 66,7% de accidentes sobre el total de veh\u00edculos. En el listado de los tramos con mayor n\u00famero de accidentes tambi\u00e9n figuran\u00a0otros dos puntos de la A-7\u00a0(entre Picassent y l&#8217;Alc\u00fadia) y la nacional (desde Vinar\u00f3s hasta la frontera con Tarragona).<\/p>\r\n\r\n\r\n\r\n<p class=\"wp-block-paragraph\">Respecto a las motos, en el informe est\u00e1n los dos tramos valencianos situados en el \u00e1rea metropolitana. Tanto la V-31 que se extiende entre Beniparrell y la entrada a Valencia y el de la A-3, entre Manises y el acceso a la capital del Turia.<\/p>\r\n\r\n\r\n\r\n<p class=\"wp-block-paragraph\">Para contar con el mejor seguro de camiones, es necesario utilizar el <a href=\"https:\/\/www.seguros-generales.es\/\" target=\"_blank\" rel=\"noopener\"><strong>mejor comparador de seguros<\/strong><\/a>. Encuentra el mejor seguro de camiones <strong><a href=\"https:\/\/seguros-de-camion.seguros-generales.es\/\" target=\"_blank\" rel=\"noopener\">aqu\u00ed<\/a><\/strong>.<\/p>\r\n","protected":false},"excerpt":{"rendered":"<p>Seg\u00fan el \u00faltimo informe de EuroRAP (Programa Europeo de Evaluaci\u00f3n de Carreteras), la Comunidad Valenciana cuenta con algunas de las carreteras con los mayores accidentes de camiones en Espa\u00f1a. Una revisi\u00f3n de m\u00e1s de 24.866 km de las v\u00edas estatales, demuestra que la Comunidad Valenciana cuenta con dos tramos peligrosos. Exactamente el tramo A-7(conocido como [&hellip;]<\/p>\n","protected":false},"author":1,"featured_media":409,"comment_status":"open","ping_status":"open","sticky":false,"template":"","format":"standard","meta":{"_et_pb_use_builder":"","_et_pb_old_content":"","_et_gb_content_width":"","footnotes":""},"categories":[47,13],"tags":[],"class_list":["post-407","post","type-post","status-publish","format-standard","has-post-thumbnail","hentry","category-camiones","category-accidentes"],"_links":{"self":[{"href":"https:\/\/www.seguros-camiones.com\/blog\/wp-json\/wp\/v2\/posts\/407","targetHints":{"allow":["GET"]}}],"collection":[{"href":"https:\/\/www.seguros-camiones.com\/blog\/wp-json\/wp\/v2\/posts"}],"about":[{"href":"https:\/\/www.seguros-camiones.com\/blog\/wp-json\/wp\/v2\/types\/post"}],"author":[{"embeddable":true,"href":"https:\/\/www.seguros-camiones.com\/blog\/wp-json\/wp\/v2\/users\/1"}],"replies":[{"embeddable":true,"href":"https:\/\/www.seguros-camiones.com\/blog\/wp-json\/wp\/v2\/comments?post=407"}],"version-history":[{"count":1,"href":"https:\/\/www.seguros-camiones.com\/blog\/wp-json\/wp\/v2\/posts\/407\/revisions"}],"predecessor-version":[{"id":1347,"href":"https:\/\/www.seguros-camiones.com\/blog\/wp-json\/wp\/v2\/posts\/407\/revisions\/1347"}],"wp:featuredmedia":[{"embeddable":true,"href":"https:\/\/www.seguros-camiones.com\/blog\/wp-json\/wp\/v2\/media\/409"}],"wp:attachment":[{"href":"https:\/\/www.seguros-camiones.com\/blog\/wp-json\/wp\/v2\/media?parent=407"}],"wp:term":[{"taxonomy":"category","embeddable":true,"href":"https:\/\/www.seguros-camiones.com\/blog\/wp-json\/wp\/v2\/categories?post=407"},{"taxonomy":"post_tag","embeddable":true,"href":"https:\/\/www.seguros-camiones.com\/blog\/wp-json\/wp\/v2\/tags?post=407"}],"curies":[{"name":"wp","href":"https:\/\/api.w.org\/{rel}","templated":true}]}}