{"id":447,"date":"2019-02-25T14:12:06","date_gmt":"2019-02-25T14:12:06","guid":{"rendered":"https:\/\/www.seguros-camiones.com\/blog\/?p=447"},"modified":"2024-08-03T04:44:25","modified_gmt":"2024-08-03T04:44:25","slug":"cartel-de-fabricantes-de-camiones","status":"publish","type":"post","link":"https:\/\/www.seguros-camiones.com\/blog\/cartel-de-fabricantes-de-camiones\/02\/2019\/","title":{"rendered":"Afectados Por El C\u00e1rtel de Fabricantes de Camiones"},"content":{"rendered":"\r\n<p class=\"wp-block-paragraph\">La Comisi\u00f3n Europea impuso sanciones a varias marcas de camiones, por aplicar sobre costos en las ventas. Debido a esto, se moviliz\u00f3 el <strong>sector empresarial del transporte<\/strong> y planific\u00f3 con su despacho de abogados para reclamar este acto. En consecuencia, en una asamblea realizada esta semana\u00a0 socios de Asetra, se sumaron a los reclamos.<\/p>\r\n\r\n\r\n\r\n<p class=\"wp-block-paragraph\">Una multa millonaria que asciende, a 3 mil millones de euros aproximadamente, les fue impuesta hace m\u00e1s de 2 a\u00f1os. <strong>El fraude cometido por\u00a0 el c\u00e1rtel de fabricantes de camiones, como se les conoce, es opulento.<\/strong> Dej\u00f3 gran cantidad de agredidos en toda la Provincia<\/p>\r\n\r\n\r\n\r\n<p class=\"wp-block-paragraph\">La Agrupaci\u00f3n Segoviana de Empresarios del Transporte (Asetra) estima que aproximadamente m\u00e1s de 200 asociados se sumaron a los reclamos.<\/p>\r\n\r\n\r\n\r\n<p class=\"wp-block-paragraph\">Por su parte, el Despacho de abogados y asesores de las empresas de Caama\u00f1o, Concheiro y Seoane, est\u00e1n a cargo de procesar los reclamos. Estos abogados trabajan en representaci\u00f3n de los industriales sumados a la confederaci\u00f3n estatal.\u00a0 La asociaci\u00f3n de transportistas de Segovia forma parte de la confederaci\u00f3n.<\/p>\r\n\r\n\r\n\r\n<p class=\"wp-block-paragraph\">Fernando Garc\u00eda, director de Asetra, tambi\u00e9n informa que el n\u00famero de veh\u00edculos afectados, supera a los 600 camiones. Esta cifra corresponde solamente a la provincia. En todo el pa\u00eds, se calcula que las indemnizaciones que deber\u00e1n realizar las marcas denunciadas, est\u00e1n alrededor de los setecientos millones de euros.<\/p>\r\n\r\n\r\n\r\n<p class=\"wp-block-paragraph\">Esta informaci\u00f3n fue suministrada por el despacho de abogados encargados del caso. Es realmente una estafa de gran magnitud.<\/p>\r\n\r\n\r\n\r\n<div id=\"ez-toc-container\" class=\"ez-toc-v2_0_87 counter-hierarchy ez-toc-counter ez-toc-grey ez-toc-container-direction\">\n<div class=\"ez-toc-title-container\">\n<p class=\"ez-toc-title\" style=\"cursor:inherit\">Table of Contents<\/p>\n<span class=\"ez-toc-title-toggle\"><a href=\"#\" class=\"ez-toc-pull-right ez-toc-btn ez-toc-btn-xs ez-toc-btn-default ez-toc-toggle\" aria-label=\"Alternar tabla de contenidos\"><span class=\"ez-toc-js-icon-con\"><span class=\"\"><span class=\"eztoc-hide\" style=\"display:none;\">Toggle<\/span><span class=\"ez-toc-icon-toggle-span\"><svg style=\"fill: #999;color:#999\" xmlns=\"http:\/\/www.w3.org\/2000\/svg\" class=\"list-377408\" width=\"20px\" height=\"20px\" viewBox=\"0 0 24 24\" fill=\"none\"><path d=\"M6 6H4v2h2V6zm14 0H8v2h12V6zM4 11h2v2H4v-2zm16 0H8v2h12v-2zM4 16h2v2H4v-2zm16 0H8v2h12v-2z\" fill=\"currentColor\"><\/path><\/svg><svg style=\"fill: #999;color:#999\" class=\"arrow-unsorted-368013\" xmlns=\"http:\/\/www.w3.org\/2000\/svg\" width=\"10px\" height=\"10px\" viewBox=\"0 0 24 24\" version=\"1.2\" baseProfile=\"tiny\"><path d=\"M18.2 9.3l-6.2-6.3-6.2 6.3c-.2.2-.3.4-.3.7s.1.5.3.7c.2.2.4.3.7.3h11c.3 0 .5-.1.7-.3.2-.2.3-.5.3-.7s-.1-.5-.3-.7zM5.8 14.7l6.2 6.3 6.2-6.3c.2-.2.3-.5.3-.7s-.1-.5-.3-.7c-.2-.2-.4-.3-.7-.3h-11c-.3 0-.5.1-.7.3-.2.2-.3.5-.3.7s.1.5.3.7z\"\/><\/svg><\/span><\/span><\/span><\/a><\/span><\/div>\n<nav><ul class='ez-toc-list ez-toc-list-level-1 ' ><li class='ez-toc-page-1 ez-toc-heading-level-2'><a class=\"ez-toc-link ez-toc-heading-1\" href=\"https:\/\/www.seguros-camiones.com\/blog\/cartel-de-fabricantes-de-camiones\/02\/2019\/#Porcentaje_del_sobrecosto\" >Porcentaje del sobrecosto.<\/a><\/li><li class='ez-toc-page-1 ez-toc-heading-level-2'><a class=\"ez-toc-link ez-toc-heading-2\" href=\"https:\/\/www.seguros-camiones.com\/blog\/cartel-de-fabricantes-de-camiones\/02\/2019\/#Premios_otorgados_por_ASETRA\" >Premios otorgados por ASETRA<\/a><\/li><\/ul><\/nav><\/div>\n<h2 class=\"wp-block-heading\"><span class=\"ez-toc-section\" id=\"Porcentaje_del_sobrecosto\"><\/span><strong>Porcentaje del sobrecosto<\/strong><strong>.<\/strong><span class=\"ez-toc-section-end\"><\/span><\/h2>\r\n\r\n\r\n\r\n<p class=\"wp-block-paragraph\">El despacho de abogados traz\u00f3 una estrategia para actuar sobre los reclamos realizados. Los abogados ya\u00a0 empezaron a procesar las\u00a0primeras <strong>demandas contra el c\u00e1rtel europeo de fabricantes de camiones. <\/strong>Por consiguiente, los empresarios que han sido perjudicados, deben iniciar sus reclamos en los juzgados de lo Mercantil de las provincias. A pesar de que las diligencias se deriven en las audiencias respectivas.<\/p>\r\n\r\n\r\n\r\n<p class=\"wp-block-paragraph\">El director de la Agrupaci\u00f3n Segoviana de Empresarios del Transporte Fernando Garc\u00eda, afirma que\u00a0la investigaci\u00f3n por parte de la Comisi\u00f3n Europea realizada durante varios a\u00f1os, implica a muchas f\u00e1bricas de camiones. \u00a0E inclusive a algunas de las m\u00e1s importantes en toda Europa.<\/p>\r\n\r\n\r\n\r\n<p class=\"wp-block-paragraph\">Desde el a\u00f1o \u00a01997 al 2011, estas compa\u00f1\u00edas se pusieron de acuerdo en los precios a los que vender\u00edan los camiones de mediano y alto tonelaje. Esta es una pr\u00e1ctica ilegal, que incumple el marco del \u00a0reglamento de la libre competencia.<\/p>\r\n\r\n\r\n\r\n<p class=\"wp-block-paragraph\"><strong>El sobrecosto convenido por las compa\u00f1\u00edas fabricantes fue de un 20% m\u00e1s alto que los precios reales de los camiones<\/strong>. Repercut\u00edan directamente sobre los compradores, los gastos previstos al cumplimiento de las normas sobre las emisiones de gases contaminantes.<\/p>\r\n\r\n\r\n\r\n<p class=\"wp-block-paragraph\">Actualmente los empresarios afectados por el sobrecosto, reclaman su devoluci\u00f3n inmediata. Sin embargo, no es sencillo hacer el c\u00e1lculo de la cantidad exacta que se les debe devolver. Por su parte, los abogados encargados del proceso, representantes de los transportistas estafados utilizan dos m\u00e9todos de c\u00e1lculo diferentes.<\/p>\r\n\r\n\r\n\r\n<p class=\"wp-block-paragraph\">De esta manera, estiman ajustar lo m\u00e1s exacto posible la cantidad reclamada a las compa\u00f1\u00edas fabricantes. Esto es un punto clave en el desarrollo\u00a0 y finalizaci\u00f3n de los procesos.<\/p>\r\n\r\n\r\n\r\n<h2 class=\"wp-block-heading\"><span class=\"ez-toc-section\" id=\"Premios_otorgados_por_ASETRA\"><\/span>Premios otorgados por ASETRA<span class=\"ez-toc-section-end\"><\/span><\/h2>\r\n\r\n\r\n\r\n<p class=\"wp-block-paragraph\">En otro sentido, en la asamblea realizada por Asetra, se dej\u00f3 constancia del desagrado de los miembros de la asociaci\u00f3n. Estos son debidos a los retrasos frecuentes, aunados a los trastornos de las obras de desdoblamiento de la SG-20.<\/p>\r\n\r\n\r\n\r\n<p class=\"wp-block-paragraph\">Se cuestionan los nuevos plazos de apertura de tramos.Los industriales no observan adelantos en los trabajos que se realizan en esta variante. Cada vez se hacen m\u00e1s lentas las labores en la obra.<\/p>\r\n\r\n\r\n\r\n<p class=\"wp-block-paragraph\">Asetra , anualmente otorga premios en el sector empresarial por su buen desempe\u00f1o. En esta oportunidad el galard\u00f3n fue otorgado a la Cooperativa Navatrans y adem\u00e1s se dio un <strong>reconocimiento especial para la Guardia Civil.<\/strong><\/p>\r\n\r\n\r\n\r\n<p class=\"wp-block-paragraph\">Recuerde que, para estar protegidos contra cualquier eventualidad, se requiere contar con un buen <a href=\"https:\/\/seguros-de-camion.seguros-generales.es\/\" target=\"_blank\" rel=\"noopener\">seguro de camiones<\/a>&#8230;<\/p>\r\n","protected":false},"excerpt":{"rendered":"<p>La Comisi\u00f3n Europea impuso sanciones a varias marcas de camiones, por aplicar sobre costos en las ventas. Debido a esto, se moviliz\u00f3 el sector empresarial del transporte y planific\u00f3 con su despacho de abogados para reclamar este acto. En consecuencia, en una asamblea realizada esta semana\u00a0 socios de Asetra, se sumaron a los reclamos. Una [&hellip;]<\/p>\n","protected":false},"author":1,"featured_media":448,"comment_status":"open","ping_status":"open","sticky":false,"template":"","format":"standard","meta":{"_et_pb_use_builder":"","_et_pb_old_content":"","_et_gb_content_width":"","footnotes":""},"categories":[47],"tags":[],"class_list":["post-447","post","type-post","status-publish","format-standard","has-post-thumbnail","hentry","category-camiones"],"_links":{"self":[{"href":"https:\/\/www.seguros-camiones.com\/blog\/wp-json\/wp\/v2\/posts\/447","targetHints":{"allow":["GET"]}}],"collection":[{"href":"https:\/\/www.seguros-camiones.com\/blog\/wp-json\/wp\/v2\/posts"}],"about":[{"href":"https:\/\/www.seguros-camiones.com\/blog\/wp-json\/wp\/v2\/types\/post"}],"author":[{"embeddable":true,"href":"https:\/\/www.seguros-camiones.com\/blog\/wp-json\/wp\/v2\/users\/1"}],"replies":[{"embeddable":true,"href":"https:\/\/www.seguros-camiones.com\/blog\/wp-json\/wp\/v2\/comments?post=447"}],"version-history":[{"count":2,"href":"https:\/\/www.seguros-camiones.com\/blog\/wp-json\/wp\/v2\/posts\/447\/revisions"}],"predecessor-version":[{"id":1343,"href":"https:\/\/www.seguros-camiones.com\/blog\/wp-json\/wp\/v2\/posts\/447\/revisions\/1343"}],"wp:featuredmedia":[{"embeddable":true,"href":"https:\/\/www.seguros-camiones.com\/blog\/wp-json\/wp\/v2\/media\/448"}],"wp:attachment":[{"href":"https:\/\/www.seguros-camiones.com\/blog\/wp-json\/wp\/v2\/media?parent=447"}],"wp:term":[{"taxonomy":"category","embeddable":true,"href":"https:\/\/www.seguros-camiones.com\/blog\/wp-json\/wp\/v2\/categories?post=447"},{"taxonomy":"post_tag","embeddable":true,"href":"https:\/\/www.seguros-camiones.com\/blog\/wp-json\/wp\/v2\/tags?post=447"}],"curies":[{"name":"wp","href":"https:\/\/api.w.org\/{rel}","templated":true}]}}