{"id":482,"date":"2019-07-10T02:48:12","date_gmt":"2019-07-10T02:48:12","guid":{"rendered":"https:\/\/www.seguros-camiones.com\/blog\/?p=482"},"modified":"2024-08-03T04:26:00","modified_gmt":"2024-08-03T04:26:00","slug":"para-el-2030-los-camiones-de-la-eu-emitiran-menos-co2","status":"publish","type":"post","link":"https:\/\/www.seguros-camiones.com\/blog\/para-el-2030-los-camiones-de-la-eu-emitiran-menos-co2\/07\/2019\/","title":{"rendered":"Para el 2030 los camiones de la EU emitir\u00e1n menos CO2"},"content":{"rendered":"<p>El pasado martes 16 de abril, el parlamento Europeo aprob\u00f3 la primera normativa de la UE (Uni\u00f3n Europea) con la finalidad de aminorar el impacto de los veh\u00edculos pesados, como los camiones, en el cambio clim\u00e1tico. Dicha normativa obliga a todos los fabricantes de camiones, a que sus veh\u00edculos disminuyan la emisi\u00f3n de CO2 en un 30% para el 2030, en relaci\u00f3n con el a\u00f1o 2019, con una ruta intermedia de un 15% en el a\u00f1o 2025.<\/p>\n<p>La Euro c\u00e1mara dio la validaci\u00f3n con 474 votos a favor y con 47 votos en contra, con unos 11 de abstenci\u00f3n, en relaci\u00f3n con la legislaci\u00f3n espec\u00edfica para los camiones, a los que se les inculpa de al menos el 22 % del total de emisiones de CO2 registradas en el total de las carreteras. A pesar de que representan s\u00f3lo el 15% de los veh\u00edculos que circulan.<\/p>\n<p>En la normativa se establece adem\u00e1s un sistema de una especie de s\u00faper cr\u00e9ditos, con la finalidad de compensar a los fabricantes de los camiones que pongan de su parte con las tecnolog\u00edas de mayor innovaci\u00f3n hasta el a\u00f1o 2025. En dicha fecha se estable el objetivo no vinculante de manera que los fabricantes con las ventas superiores a un 2% de camiones nuevos y el\u00e9ctricos o de hidr\u00f3geno podr\u00e1n tener una flexibilidad de sus objetivos, en relaci\u00f3n con la disminuci\u00f3n del CO2.<\/p>\n<blockquote><p>Recuerde contratar el mejor <a href=\"https:\/\/www.seguros-camiones.com\">seguro de cami\u00f3n<\/a> disponible en el mercado<\/p><\/blockquote>\n<div id=\"ez-toc-container\" class=\"ez-toc-v2_0_82_2 counter-hierarchy ez-toc-counter ez-toc-grey ez-toc-container-direction\">\n<div class=\"ez-toc-title-container\">\n<p class=\"ez-toc-title\" style=\"cursor:inherit\">Table of Contents<\/p>\n<span class=\"ez-toc-title-toggle\"><a href=\"#\" class=\"ez-toc-pull-right ez-toc-btn ez-toc-btn-xs ez-toc-btn-default ez-toc-toggle\" aria-label=\"Alternar tabla de contenidos\"><span class=\"ez-toc-js-icon-con\"><span class=\"\"><span class=\"eztoc-hide\" style=\"display:none;\">Toggle<\/span><span class=\"ez-toc-icon-toggle-span\"><svg style=\"fill: #999;color:#999\" xmlns=\"http:\/\/www.w3.org\/2000\/svg\" class=\"list-377408\" width=\"20px\" height=\"20px\" viewBox=\"0 0 24 24\" fill=\"none\"><path d=\"M6 6H4v2h2V6zm14 0H8v2h12V6zM4 11h2v2H4v-2zm16 0H8v2h12v-2zM4 16h2v2H4v-2zm16 0H8v2h12v-2z\" fill=\"currentColor\"><\/path><\/svg><svg style=\"fill: #999;color:#999\" class=\"arrow-unsorted-368013\" xmlns=\"http:\/\/www.w3.org\/2000\/svg\" width=\"10px\" height=\"10px\" viewBox=\"0 0 24 24\" version=\"1.2\" baseProfile=\"tiny\"><path d=\"M18.2 9.3l-6.2-6.3-6.2 6.3c-.2.2-.3.4-.3.7s.1.5.3.7c.2.2.4.3.7.3h11c.3 0 .5-.1.7-.3.2-.2.3-.5.3-.7s-.1-.5-.3-.7zM5.8 14.7l6.2 6.3 6.2-6.3c.2-.2.3-.5.3-.7s-.1-.5-.3-.7c-.2-.2-.4-.3-.7-.3h-11c-.3 0-.5.1-.7.3-.2.2-.3.5-.3.7s.1.5.3.7z\"\/><\/svg><\/span><\/span><\/span><\/a><\/span><\/div>\n<nav><ul class='ez-toc-list ez-toc-list-level-1 ' ><li class='ez-toc-page-1 ez-toc-heading-level-2'><a class=\"ez-toc-link ez-toc-heading-1\" href=\"https:\/\/www.seguros-camiones.com\/blog\/para-el-2030-los-camiones-de-la-eu-emitiran-menos-co2\/07\/2019\/#Cuidar_el_medio_ambiente\" >Cuidar el medio ambiente<\/a><\/li><li class='ez-toc-page-1 ez-toc-heading-level-2'><a class=\"ez-toc-link ez-toc-heading-2\" href=\"https:\/\/www.seguros-camiones.com\/blog\/para-el-2030-los-camiones-de-la-eu-emitiran-menos-co2\/07\/2019\/#Celebrando_al_medio_ambiente\" >Celebrando al medio ambiente<\/a><\/li><\/ul><\/nav><\/div>\n<h2><span class=\"ez-toc-section\" id=\"Cuidar_el_medio_ambiente\"><\/span>Cuidar el medio ambiente<span class=\"ez-toc-section-end\"><\/span><\/h2>\n<p>La legislaci\u00f3n comunitaria tiene la finalidad de cumplir con todos los objetivos de cuidados medioambientales que han sido adquiridos por la Uni\u00f3n Europea en relaci\u00f3n con el Acuerdo de Par\u00eds del a\u00f1o 2015 y luego de que en el mes de diciembre los colegisladores miembros de la Uni\u00f3n EUROPEA decidieran fijar para el a\u00f1o 2030 el objetivo de disminuir el nivel de CO2 de un 37,5 % para los coches nuevos y de un 31 % para las furgonetas en relaci\u00f3n al a\u00f1o 2021.<\/p>\n<p>Una labor de muchos colaboradores que sin duda alguna se debe celebrar y continuar.<\/p>\n<blockquote><p>Revise ahora los mejores <a href=\"https:\/\/www.seguroslowcost.es\/seguros-camion-lowcost.html\" target=\"_blank\" rel=\"noopener\">seguros de cami\u00f3n low cost<\/a> y contrate siempre la mejor opci\u00f3n disponible para proteger su cami\u00f3n<\/p><\/blockquote>\n<h2><span class=\"ez-toc-section\" id=\"Celebrando_al_medio_ambiente\"><\/span>Celebrando al medio ambiente<span class=\"ez-toc-section-end\"><\/span><\/h2>\n<p>Por su parte la organizaci\u00f3n ecologista Transport &amp; Environment se dedico a celebrar la aprobaci\u00f3n de dicha legislaci\u00f3n y en definitiva que se fije a\u00a0 los fabricantes de camiones el objetivo de producir para el a\u00f1o 2025 un 2% de camiones con una emisi\u00f3n neutra. Adem\u00e1s indico que las nuevas normativas permitir\u00e1n un ahorro de hasta los 60000 euros en combustible por cada veh\u00edculo en un tiempo de 5 a\u00f1os. Un ahorro bastante impresionante para cualquier pa\u00eds.<\/p>\n<p>El ponente ambientalista de origen holand\u00e9s Bas Eickhout, declar\u00f3 que la \u201cLa regulaci\u00f3n de los camiones ayudar\u00e1 a reducir la contaminaci\u00f3n de nuestras carreteras y a mejorar la calidad del aire\u201d.<\/p>\n<blockquote class=\"wp-embedded-content\" data-secret=\"rB6zirZjFq\"><p><a href=\"https:\/\/www.seguros-camiones.com\/blog\/emisiones-de-carbono-permitidas-para-camiones\/06\/2019\/\">Emisiones de carbono permitidas para camiones<\/a><\/p><\/blockquote>\n<p><iframe loading=\"lazy\" class=\"wp-embedded-content\" sandbox=\"allow-scripts\" security=\"restricted\" style=\"position: absolute; visibility: hidden;\" title=\"\u00abEmisiones de carbono permitidas para camiones\u00bb \u2014 Blog de Noticias de Camiones, Cabezas Tractoras, Furgones Pesados y Semirremolques\" src=\"https:\/\/www.seguros-camiones.com\/blog\/emisiones-de-carbono-permitidas-para-camiones\/06\/2019\/embed\/#?secret=rwkACYE3yk#?secret=rB6zirZjFq\" data-secret=\"rB6zirZjFq\" width=\"600\" height=\"338\" frameborder=\"0\" marginwidth=\"0\" marginheight=\"0\" scrolling=\"no\"><\/iframe><\/p>\n<p>Una decisi\u00f3n bastante acertada por la Uni\u00f3n Europea, en vista del alto nivel de contaminaci\u00f3n que existe en el continente europeo, principalmente por la cantidad de veh\u00edculos con altas emisiones de CO2. A pesar de que se han tratado de disminuir con la producci\u00f3n de veh\u00edculos el\u00e9ctricos.<\/p>\n<p>Falta el participar de la poblaci\u00f3n, que debe entender la importancia de cuidar el medio ambiente.<\/p>\n<p>Ciertamente los veh\u00edculos el\u00e9ctricos suponen un coste inicial aparentemente mayor. Sin embargo, a la larga el ahorro se puede ver reflejado si cada participante pone de su parte. Ya que no solo se beneficia el medio ambiente, sino tambi\u00e9n cada uno de los habitantes de la tierra.<\/p>\n<p>Una labor importante que la Uni\u00f3n Europea se atrevi\u00f3 a iniciar y que para el a\u00f1o 2030 mostrara resultados muy importantes para el medio ambiente y el resto de los pa\u00edses que se atrevan a seguirle.<\/p>\n<blockquote><p>Utilice el mejor <a href=\"https:\/\/www.seguros-generales.es\/seguros-camion.html\" target=\"_blank\" rel=\"noopener\">comparador de seguros de cami\u00f3n<\/a> para encontrar el mejor seguro disponible<\/p><\/blockquote>\n","protected":false},"excerpt":{"rendered":"<p>El pasado martes 16 de abril, el parlamento Europeo aprob\u00f3 la primera normativa de la UE (Uni\u00f3n Europea) con la finalidad de aminorar el impacto de los veh\u00edculos pesados, como los camiones, en el cambio clim\u00e1tico. Dicha normativa obliga a todos los fabricantes de camiones, a que sus veh\u00edculos disminuyan la emisi\u00f3n de CO2 en [&hellip;]<\/p>\n","protected":false},"author":1,"featured_media":483,"comment_status":"open","ping_status":"open","sticky":false,"template":"","format":"standard","meta":{"_et_pb_use_builder":"","_et_pb_old_content":"","_et_gb_content_width":"","footnotes":""},"categories":[14],"tags":[339],"class_list":["post-482","post","type-post","status-publish","format-standard","has-post-thumbnail","hentry","category-novedades","tag-emision-de-co2"],"_links":{"self":[{"href":"https:\/\/www.seguros-camiones.com\/blog\/wp-json\/wp\/v2\/posts\/482","targetHints":{"allow":["GET"]}}],"collection":[{"href":"https:\/\/www.seguros-camiones.com\/blog\/wp-json\/wp\/v2\/posts"}],"about":[{"href":"https:\/\/www.seguros-camiones.com\/blog\/wp-json\/wp\/v2\/types\/post"}],"author":[{"embeddable":true,"href":"https:\/\/www.seguros-camiones.com\/blog\/wp-json\/wp\/v2\/users\/1"}],"replies":[{"embeddable":true,"href":"https:\/\/www.seguros-camiones.com\/blog\/wp-json\/wp\/v2\/comments?post=482"}],"version-history":[{"count":1,"href":"https:\/\/www.seguros-camiones.com\/blog\/wp-json\/wp\/v2\/posts\/482\/revisions"}],"predecessor-version":[{"id":1321,"href":"https:\/\/www.seguros-camiones.com\/blog\/wp-json\/wp\/v2\/posts\/482\/revisions\/1321"}],"wp:featuredmedia":[{"embeddable":true,"href":"https:\/\/www.seguros-camiones.com\/blog\/wp-json\/wp\/v2\/media\/483"}],"wp:attachment":[{"href":"https:\/\/www.seguros-camiones.com\/blog\/wp-json\/wp\/v2\/media?parent=482"}],"wp:term":[{"taxonomy":"category","embeddable":true,"href":"https:\/\/www.seguros-camiones.com\/blog\/wp-json\/wp\/v2\/categories?post=482"},{"taxonomy":"post_tag","embeddable":true,"href":"https:\/\/www.seguros-camiones.com\/blog\/wp-json\/wp\/v2\/tags?post=482"}],"curies":[{"name":"wp","href":"https:\/\/api.w.org\/{rel}","templated":true}]}}