{"id":538,"date":"2019-07-22T11:35:59","date_gmt":"2019-07-22T11:35:59","guid":{"rendered":"https:\/\/www.seguros-camiones.com\/blog\/?p=538"},"modified":"2024-08-03T04:24:09","modified_gmt":"2024-08-03T04:24:09","slug":"camion-calcinado-en-villalon","status":"publish","type":"post","link":"https:\/\/www.seguros-camiones.com\/blog\/camion-calcinado-en-villalon\/07\/2019\/","title":{"rendered":"Cami\u00f3n calcinado en Villal\u00f3n"},"content":{"rendered":"<p>Los efectos negativos de los accidentes de camiones son abrumadores y dif\u00edciles de reponer, tal como un incendio o la muerte de las personas involucradas. Los siguientes accidentes m\u00e1s costosos son la p\u00e9rdida del producto transportado.<\/p>\n<p>Perdida que podr\u00eda representar, la descomposici\u00f3n de alimento o robo de productos transportados. Adem\u00e1s de los da\u00f1os causados por la imprudencia de otros conductores, y cortes de tr\u00e1fico por eventos municipales.<\/p>\n<blockquote><p>Contrate siempre el mejor <a href=\"https:\/\/www.seguros-camiones.com\/\">seguro de camiones<\/a> para estar completamente protegido contra cualquier eventualidad<\/p><\/blockquote>\n<div id=\"ez-toc-container\" class=\"ez-toc-v2_0_87 counter-hierarchy ez-toc-counter ez-toc-grey ez-toc-container-direction\">\n<div class=\"ez-toc-title-container\">\n<p class=\"ez-toc-title\" style=\"cursor:inherit\">Table of Contents<\/p>\n<span class=\"ez-toc-title-toggle\"><a href=\"#\" class=\"ez-toc-pull-right ez-toc-btn ez-toc-btn-xs ez-toc-btn-default ez-toc-toggle\" aria-label=\"Alternar tabla de contenidos\"><span class=\"ez-toc-js-icon-con\"><span class=\"\"><span class=\"eztoc-hide\" style=\"display:none;\">Toggle<\/span><span class=\"ez-toc-icon-toggle-span\"><svg style=\"fill: #999;color:#999\" xmlns=\"http:\/\/www.w3.org\/2000\/svg\" class=\"list-377408\" width=\"20px\" height=\"20px\" viewBox=\"0 0 24 24\" fill=\"none\"><path d=\"M6 6H4v2h2V6zm14 0H8v2h12V6zM4 11h2v2H4v-2zm16 0H8v2h12v-2zM4 16h2v2H4v-2zm16 0H8v2h12v-2z\" fill=\"currentColor\"><\/path><\/svg><svg style=\"fill: #999;color:#999\" class=\"arrow-unsorted-368013\" xmlns=\"http:\/\/www.w3.org\/2000\/svg\" width=\"10px\" height=\"10px\" viewBox=\"0 0 24 24\" version=\"1.2\" baseProfile=\"tiny\"><path d=\"M18.2 9.3l-6.2-6.3-6.2 6.3c-.2.2-.3.4-.3.7s.1.5.3.7c.2.2.4.3.7.3h11c.3 0 .5-.1.7-.3.2-.2.3-.5.3-.7s-.1-.5-.3-.7zM5.8 14.7l6.2 6.3 6.2-6.3c.2-.2.3-.5.3-.7s-.1-.5-.3-.7c-.2-.2-.4-.3-.7-.3h-11c-.3 0-.5.1-.7.3-.2.2-.3.5-.3.7s.1.5.3.7z\"\/><\/svg><\/span><\/span><\/span><\/a><\/span><\/div>\n<nav><ul class='ez-toc-list ez-toc-list-level-1 ' ><li class='ez-toc-page-1 ez-toc-heading-level-2'><a class=\"ez-toc-link ez-toc-heading-1\" href=\"https:\/\/www.seguros-camiones.com\/blog\/camion-calcinado-en-villalon\/07\/2019\/#Camion_calcinado\" >Cami\u00f3n calcinado<\/a><\/li><li class='ez-toc-page-1 ez-toc-heading-level-2'><a class=\"ez-toc-link ez-toc-heading-2\" href=\"https:\/\/www.seguros-camiones.com\/blog\/camion-calcinado-en-villalon\/07\/2019\/#Muerte_de_un_camionero_zamorano\" >Muerte de un camionero zamorano<\/a><\/li><li class='ez-toc-page-1 ez-toc-heading-level-2'><a class=\"ez-toc-link ez-toc-heading-3\" href=\"https:\/\/www.seguros-camiones.com\/blog\/camion-calcinado-en-villalon\/07\/2019\/#Retenciones_en_la_A-49\" >Retenciones en la A-49<\/a><\/li><li class='ez-toc-page-1 ez-toc-heading-level-2'><a class=\"ez-toc-link ez-toc-heading-4\" href=\"https:\/\/www.seguros-camiones.com\/blog\/camion-calcinado-en-villalon\/07\/2019\/#Imprudencia_al_conducir\" >Imprudencia al conducir<\/a><\/li><li class='ez-toc-page-1 ez-toc-heading-level-2'><a class=\"ez-toc-link ez-toc-heading-5\" href=\"https:\/\/www.seguros-camiones.com\/blog\/camion-calcinado-en-villalon\/07\/2019\/#Sin_trafico_en_Elantxobe_Mundaka_Ibarrangelu_y_Bermeo\" >Sin tr\u00e1fico en Elantxobe, Mundaka, Ibarrangelu y Bermeo<\/a><\/li><\/ul><\/nav><\/div>\n<h2><span class=\"ez-toc-section\" id=\"Camion_calcinado\"><\/span>Cami\u00f3n calcinado<span class=\"ez-toc-section-end\"><\/span><\/h2>\n<p>Entre los accidentes con mayores p\u00e9rdidas a los que debe enfrentarse un transportista est\u00e1 el incendio de su cami\u00f3n. Este fue el caso de la caja de un cami\u00f3n se incendi\u00f3 en la N-610 la ma\u00f1ana del 20 de julio<\/p>\n<p>El remolque del cami\u00f3n qued\u00f3 completamente inservible en la carretera que est\u00e1 entre las localidades de Villal\u00f3n y Villacid de Campos. El cuerpo de bomberos encargados de sofocar las llamas fueron los del parque de Medina de Rioseco.<\/p>\n<p>El accidente sucedi\u00f3 cerca de las seis de la ma\u00f1ana del s\u00e1bado y no ocasion\u00f3 ninguna victima que lamentar; salvo los da\u00f1os materiales, porque el remolque se consumi\u00f3 en su totalidad.<\/p>\n<p>El fuego no pudo ser atendido a tiempo por lo que tambi\u00e9n consumi\u00f3 las ruedas, adem\u00e1s de la estructura de carga.<\/p>\n<h2><span class=\"ez-toc-section\" id=\"Muerte_de_un_camionero_zamorano\"><\/span>Muerte de un camionero zamorano<span class=\"ez-toc-section-end\"><\/span><\/h2>\n<p>Un camionero zamorano muri\u00f3 debido a un accidente sucedido en Burgos el viernes pasado.<\/p>\n<p>Varias llamadas de alerta fueron recibidas por el Centro de Emergencias 112 de Castilla y Le\u00f3n. Que alertaron sobre el vuelco de un cami\u00f3n en la Autopista AP-1. Espec\u00edficamente en el sentido Burgos, el kil\u00f3metro 19 en la localidad de Monasterio de Rodilla.<\/p>\n<p>En el accidente el conductor qued\u00f3 herido y atrapado en la cabina del cami\u00f3n. Tras lo cual, el 112 dio avis\u00f3 a la Guardia Civil de Tr\u00e1fico de Burgos. As\u00ed como al centro coordinador de urgencias de Emergencias Sanitarias. Al sitio del accidente se traslad\u00f3 una ambulancia de soporte vital b\u00e1sico y un helic\u00f3ptero sanitario.<\/p>\n<p>Lamentablemente los galenos confirmaron la muerte del conductor del cami\u00f3n. Se trataba de un caballero de 50 a\u00f1os, era vecino de Monfarracinos, el cual falleci\u00f3 inmediatamente.<\/p>\n<blockquote><p>Revise ahora los mejores <a href=\"https:\/\/www.seguroslowcost.es\/seguros-camion-lowcost.html\" target=\"_blank\" rel=\"noopener\">seguros de camiones low cost<\/a> para contar siempre con la mejor opci\u00f3n<\/p><\/blockquote>\n<h2><span class=\"ez-toc-section\" id=\"Retenciones_en_la_A-49\"><\/span>Retenciones en la A-49<span class=\"ez-toc-section-end\"><\/span><\/h2>\n<p>Debido a la aver\u00eda de un cami\u00f3n, en la A-49 se han registrado retenciones kilom\u00e9tricas en la ma\u00f1ana del s\u00e1bado.<\/p>\n<p>Como el veh\u00edculo se atasc\u00f3 en el sentido hacia Huelva en la altura de Carri\u00f3n de los C\u00e9spedes; las retenciones no se hicieron esperar. Ya que se trata de una secci\u00f3n concurrida debido a la especial concentraci\u00f3n de tr\u00e1fico que se dirigen hacia las playas.<\/p>\n<p>Adem\u00e1s de la aver\u00eda del cami\u00f3n, el transportista ten\u00eda que lidiar contra las consecuencias de cumplir demasiado tarde. O incluso el deterioro del material que transportaba o su posible robo.<\/p>\n<p>Muchos ba\u00f1istas vienen de Sevilla hacia las playas de Huelva, por lo que se formaron colas kilom\u00e9tricas de veh\u00edculos. Debido a ello las autoridades responsables de la DGT, impusieron una alerta amarilla en la zona.<\/p>\n<h2><span class=\"ez-toc-section\" id=\"Imprudencia_al_conducir\"><\/span>Imprudencia al conducir<span class=\"ez-toc-section-end\"><\/span><\/h2>\n<p>En la localidad vizca\u00edna de <strong>Muskiz dos veh\u00edculos han impactado en la A-8 en el sentido hacia Ir\u00fan en el kil\u00f3metro 138. Tal como lo informaron los observadores el accidente tuvo lugar en El Haya la ma\u00f1ana de hoy lunes cerca de las 10:50 horas. <\/strong><\/p>\n<p><strong>Por un descuido del conductor, el turismo impact\u00f3 al cami\u00f3n despu\u00e9s de lo cual qued\u00f3 volcado en medio de la calzada. Pero afortunadamente las dos personas involucradas, solo resultaron levemente heridas.<\/strong><\/p>\n<p>Este accidente provoc\u00f3 fuertes retenciones en la citada v\u00eda, ya que la v\u00eda qued\u00f3 completamente cerrada. Medida que tom\u00f3 el Departamento de Seguridad local. Adem\u00e1s, las colas vehiculares llegaban hasta Cantabria.<\/p>\n<h2><span class=\"ez-toc-section\" id=\"Sin_trafico_en_Elantxobe_Mundaka_Ibarrangelu_y_Bermeo\"><\/span>Sin tr\u00e1fico en Elantxobe, Mundaka, Ibarrangelu y Bermeo<span class=\"ez-toc-section-end\"><\/span><\/h2>\n<p>Desde la ma\u00f1ana de hoy lunes est\u00e1 prohibido el acceso vehicular a las zonas mencionadas debido a la Fiesta de Madalenas. Aunque si se permitir\u00e1 la circulaci\u00f3n del transporte p\u00fablico.<\/p>\n<p>Los ayuntamientos de <strong>Ibarrangelu, Mundaka, Elantxobe y Bermeo han establecido varios dispositivos de seguridad. Entre los que est\u00e1 el corte de tr\u00e1fico debido a las festividades de la regi\u00f3n vizca\u00edna costera.<\/strong> La medida comenz\u00f3 a regir desde las 8:30 de la ma\u00f1ana de hoy, y solo entrar\u00e1n los veh\u00edculos autorizados.<\/p>\n<p>El objetivo principal de este corte, es mantener despejada las v\u00edas de evacuaci\u00f3n en casos de emergencia.\u00a0 Por lo que los autobuses que lleguen de Arboliz acceder\u00e1n hasta la rotonda del cruce de Ibinaga. Se solicita a los choferes de transporte pesado que tomen las v\u00edas alternas para evitar los cierres.<\/p>\n<blockquote><p>Para encontrar y contratar el mejor seguro, utilice siempre el mejor <a href=\"https:\/\/seguros-de-camion.seguros-generales.es\/\" target=\"_blank\" rel=\"noopener\">comparador de seguros de cami\u00f3n<\/a>.<\/p><\/blockquote>\n<p>&nbsp;<\/p>\n","protected":false},"excerpt":{"rendered":"<p>Los efectos negativos de los accidentes de camiones son abrumadores y dif\u00edciles de reponer, tal como un incendio o la muerte de las personas involucradas. Los siguientes accidentes m\u00e1s costosos son la p\u00e9rdida del producto transportado. Perdida que podr\u00eda representar, la descomposici\u00f3n de alimento o robo de productos transportados. Adem\u00e1s de los da\u00f1os causados por [&hellip;]<\/p>\n","protected":false},"author":1,"featured_media":539,"comment_status":"open","ping_status":"open","sticky":false,"template":"","format":"standard","meta":{"_et_pb_use_builder":"","_et_pb_old_content":"","_et_gb_content_width":"","footnotes":""},"categories":[4],"tags":[88,245,353],"class_list":["post-538","post","type-post","status-publish","format-standard","has-post-thumbnail","hentry","category-noticia","tag-accidentes","tag-camioneros","tag-incendios"],"_links":{"self":[{"href":"https:\/\/www.seguros-camiones.com\/blog\/wp-json\/wp\/v2\/posts\/538","targetHints":{"allow":["GET"]}}],"collection":[{"href":"https:\/\/www.seguros-camiones.com\/blog\/wp-json\/wp\/v2\/posts"}],"about":[{"href":"https:\/\/www.seguros-camiones.com\/blog\/wp-json\/wp\/v2\/types\/post"}],"author":[{"embeddable":true,"href":"https:\/\/www.seguros-camiones.com\/blog\/wp-json\/wp\/v2\/users\/1"}],"replies":[{"embeddable":true,"href":"https:\/\/www.seguros-camiones.com\/blog\/wp-json\/wp\/v2\/comments?post=538"}],"version-history":[{"count":1,"href":"https:\/\/www.seguros-camiones.com\/blog\/wp-json\/wp\/v2\/posts\/538\/revisions"}],"predecessor-version":[{"id":1319,"href":"https:\/\/www.seguros-camiones.com\/blog\/wp-json\/wp\/v2\/posts\/538\/revisions\/1319"}],"wp:featuredmedia":[{"embeddable":true,"href":"https:\/\/www.seguros-camiones.com\/blog\/wp-json\/wp\/v2\/media\/539"}],"wp:attachment":[{"href":"https:\/\/www.seguros-camiones.com\/blog\/wp-json\/wp\/v2\/media?parent=538"}],"wp:term":[{"taxonomy":"category","embeddable":true,"href":"https:\/\/www.seguros-camiones.com\/blog\/wp-json\/wp\/v2\/categories?post=538"},{"taxonomy":"post_tag","embeddable":true,"href":"https:\/\/www.seguros-camiones.com\/blog\/wp-json\/wp\/v2\/tags?post=538"}],"curies":[{"name":"wp","href":"https:\/\/api.w.org\/{rel}","templated":true}]}}