{"id":604,"date":"2019-09-23T11:18:45","date_gmt":"2019-09-23T11:18:45","guid":{"rendered":"https:\/\/www.seguros-camiones.com\/blog\/?p=604"},"modified":"2024-08-03T04:20:35","modified_gmt":"2024-08-03T04:20:35","slug":"xxxiii-gran-premio-de-camion-de-espana-se-decide-en-el-jarama-en-octubre","status":"publish","type":"post","link":"https:\/\/www.seguros-camiones.com\/blog\/xxxiii-gran-premio-de-camion-de-espana-se-decide-en-el-jarama-en-octubre\/09\/2019\/","title":{"rendered":"XXXIII Gran Premio de Cami\u00f3n de Espa\u00f1a se decide en el Jarama en octubre"},"content":{"rendered":"<p><strong>Los grandes camiones de Espa\u00f1a toman el Circuito Jarama-RACE.\u00a0<\/strong>El fin de semana del <strong>5 y 6 de octubre se celebra XXXIII Gran Premio de Cami\u00f3n de Espa\u00f1a<\/strong>. En el m\u00edtico trazado madrile\u00f1o. All\u00ed se decidir\u00e1 el Campeonato de Europa.<\/p>\n<p>El circuito madrile\u00f1o albergar\u00e1, la XXXIII edici\u00f3n del GP de Camiones. El cual es valedero para el Campeonato de Europa. Tambi\u00e9n para el renacido Campeonato de Espa\u00f1a de esta especialidad.<\/p>\n<p>Son casi 33 a\u00f1os de historia y las carreras de camiones en el Circuito del Jarama se han convertido en un cl\u00e1sico.<\/p>\n<p>Desde los inicios en la \u00e9poca de los 80 \u2013 90, en los que el trazado madrile\u00f1o alberg\u00f3 el Gran Premio de Cami\u00f3n, compet\u00edan Salvador Ca\u00f1ellas, Juan Escavias o Jordi Gen\u00e9. Desde ese entonces a la fecha, la competici\u00f3n ha variado su fisonom\u00eda. Primero la competencia de hac\u00eda con carreras de camiones de tres Clases diferentes. Camiones tipo A, tipo B y C.<\/p>\n<p>Luego pas\u00f3 a realizarse con Camiones y Super Camiones. Y fue <strong>a partir del 2006, a\u00f1o del segundo t\u00edtulo de los tres que galardonan a Antonio Albacete, que se realiza solo con Camiones.<\/strong><\/p>\n<p>De esta forma, el Circuito del Jarama ha sido testigo del paso de muchos campeones durante todos estos a\u00f1os. Desde 1987 cuando se inici\u00f3 \u00a0a realizar esta emocionante y espectacular modalidad.<\/p>\n<p>Muchos pilotos de los pa\u00edses centroeuropeos impusieron su manejo sobre estas espectaculares m\u00e1quinas de m\u00e1s de 5 toneladas de peso. Entre ellos se encuentran Fritz Kreutzpointner, Markus Oestreich, Gerd Korber, Norbert Kiss, Jochen Hahn, Markus Bosiger o David Vrsecky.<\/p>\n<blockquote><p>Revise ahora los mejores <a href=\"https:\/\/www.seguroslowcost.es\/seguros-camion-lowcost.html\" target=\"_blank\" rel=\"noopener\">seguros de camiones low cost<\/a> para contar siempre con la mejor opci\u00f3n<\/p><\/blockquote>\n<div id=\"ez-toc-container\" class=\"ez-toc-v2_0_87 counter-hierarchy ez-toc-counter ez-toc-grey ez-toc-container-direction\">\n<div class=\"ez-toc-title-container\">\n<p class=\"ez-toc-title\" style=\"cursor:inherit\">Table of Contents<\/p>\n<span class=\"ez-toc-title-toggle\"><a href=\"#\" class=\"ez-toc-pull-right ez-toc-btn ez-toc-btn-xs ez-toc-btn-default ez-toc-toggle\" aria-label=\"Alternar tabla de contenidos\"><span class=\"ez-toc-js-icon-con\"><span class=\"\"><span class=\"eztoc-hide\" style=\"display:none;\">Toggle<\/span><span class=\"ez-toc-icon-toggle-span\"><svg style=\"fill: #999;color:#999\" xmlns=\"http:\/\/www.w3.org\/2000\/svg\" class=\"list-377408\" width=\"20px\" height=\"20px\" viewBox=\"0 0 24 24\" fill=\"none\"><path d=\"M6 6H4v2h2V6zm14 0H8v2h12V6zM4 11h2v2H4v-2zm16 0H8v2h12v-2zM4 16h2v2H4v-2zm16 0H8v2h12v-2z\" fill=\"currentColor\"><\/path><\/svg><svg style=\"fill: #999;color:#999\" class=\"arrow-unsorted-368013\" xmlns=\"http:\/\/www.w3.org\/2000\/svg\" width=\"10px\" height=\"10px\" viewBox=\"0 0 24 24\" version=\"1.2\" baseProfile=\"tiny\"><path d=\"M18.2 9.3l-6.2-6.3-6.2 6.3c-.2.2-.3.4-.3.7s.1.5.3.7c.2.2.4.3.7.3h11c.3 0 .5-.1.7-.3.2-.2.3-.5.3-.7s-.1-.5-.3-.7zM5.8 14.7l6.2 6.3 6.2-6.3c.2-.2.3-.5.3-.7s-.1-.5-.3-.7c-.2-.2-.4-.3-.7-.3h-11c-.3 0-.5.1-.7.3-.2.2-.3.5-.3.7s.1.5.3.7z\"\/><\/svg><\/span><\/span><\/span><\/a><\/span><\/div>\n<nav><ul class='ez-toc-list ez-toc-list-level-1 ' ><li class='ez-toc-page-1 ez-toc-heading-level-2'><a class=\"ez-toc-link ez-toc-heading-1\" href=\"https:\/\/www.seguros-camiones.com\/blog\/xxxiii-gran-premio-de-camion-de-espana-se-decide-en-el-jarama-en-octubre\/09\/2019\/#Un_impresionante_espectaculo\" >Un impresionante espect\u00e1culo<\/a><\/li><li class='ez-toc-page-1 ez-toc-heading-level-2'><a class=\"ez-toc-link ez-toc-heading-2\" href=\"https:\/\/www.seguros-camiones.com\/blog\/xxxiii-gran-premio-de-camion-de-espana-se-decide-en-el-jarama-en-octubre\/09\/2019\/#Otras_actividades_a_realizar_durante_el_evento\" >Otras actividades a realizar durante el evento<\/a><\/li><\/ul><\/nav><\/div>\n<h2><span class=\"ez-toc-section\" id=\"Un_impresionante_espectaculo\"><\/span><strong>Un impresionante espect\u00e1culo<\/strong><span class=\"ez-toc-section-end\"><\/span><\/h2>\n<p>La competencia ofrece un impresionante espect\u00e1culo y toda una experiencia para los amantes del motor. La espectacularidad de los camiones consigue enamorar tambi\u00e9n a los m\u00e1s profanos.\u00a0Carmelo Sanz, presidente del Real Autom\u00f3vil Club de Espa\u00f1a <strong>\u201cEl RACE se ha convertido en el organizador y promotor de esta prueba, a la que pretende dar un gran impulso y a todo lo que la rodea\u201d.<\/strong><\/p>\n<p>El Gran Premio Cami\u00f3n de Espa\u00f1a es de por si un gran espect\u00e1culo. Pero en esta oportunidad adem\u00e1s, contar\u00e1 tanto en la pista como fuera de ella con\u00a0la presencia de <strong>Antonio Albacete. Un embajador de lujo. Una verdadera instituci\u00f3n del mundo del cami\u00f3n. Ha sido tres veces campe\u00f3n de Europa \u00a0en los a\u00f1os 2005, 2006 y 2010. Y adem\u00e1s<\/strong> muy vinculado al Circuito del Jarama.<\/p>\n<p>En este sentido Albacete reconoce \u201cEl Jarama es mi circuito, es el circuito en el que me form\u00e9 como piloto y en el que he conseguido 15 victorias\u201d. As\u00ed mismo a\u00f1adi\u00f3 nost\u00e1lgico\u00a0 \u201cRecuerdo c\u00f3mo quedarnos mi padre y yo, junto con el cami\u00f3n. A dormir en el taller para estar a primera hora en el circuito\u201d. Adem\u00e1s de ser embajador de la prueba, se juega el t\u00edtulo del Campeonato de Europa.<\/p>\n<p>Diferentes marcas de camiones estar\u00e1n presentes<strong>. Los Man, Buggyra, Iveco, Renault o Mercedes Benz har\u00e1n agradable estos dos d\u00edas de competici\u00f3n a los aficionados. <\/strong>\u00a0Tendr\u00e1n la oportunidad de disfrutar las categor\u00edas del Campeonato de Europa FIA de Camiones y el Campeonato de Espa\u00f1a de Carreras de Camiones.<\/p>\n<p>Por lo tanto, \u00a0habr\u00e1 cuatro carreras cada jornada en el trazado del Circuito. Ignacio Garc\u00eda, director del circuito confirm\u00f3 que \u201cel GP de Camiones es la segunda prueba con m\u00e1s p\u00fablico en Espa\u00f1a. S\u00f3lo por detr\u00e1s de la F\u00f3rmula Uno, ya que el pasado a\u00f1o hubo 27.000 espectadores, cifra que esperamos superar en este a\u00f1o\u201d.<\/p>\n<blockquote><p>Contrate siempre el mejor <a href=\"https:\/\/www.seguros-camiones.com\/\">seguro de camiones<\/a> para estar completamente protegido contra cualquier eventualidad<\/p><\/blockquote>\n<h2><span class=\"ez-toc-section\" id=\"Otras_actividades_a_realizar_durante_el_evento\"><\/span><strong>Otras actividades a realizar durante el evento<\/strong><span class=\"ez-toc-section-end\"><\/span><\/h2>\n<p>El primer fin de semana de octubre, de estos gigantes no s\u00f3lo ser\u00e1n carreras para acercar y agradar a los aficionados los camiones. Hay otras novedades. Una de ellas es el <strong>&#8216;paddock abierto&#8217;<\/strong>. Tiene como objetivo que los aficionados convivan libremente con los equipos y los pilotos durante todo el fin de semana. Para ello deben adquirir un suplemento con su entrada.<\/p>\n<p>Y as\u00ed tendr\u00e1n la oportunidad de disfrutar completamente del evento y las carreras. Adem\u00e1s, los aficionados tambi\u00e9n contar\u00e1n con un fin de semana con actividades para toda la familia. Como por ejemplo, una exhibici\u00f3n de arrastre de camiones. As\u00ed como tambi\u00e9n levantamiento de neum\u00e1ticos por parte de la Liga Nacional de Fuerza.<\/p>\n<p><strong>Tambi\u00e9n se realizar\u00e1 un desfile de veh\u00edculos cl\u00e1sicos de la Guardia Civil<\/strong>. Con el objetivo de conmemorar su 175 aniversario. Se realizar\u00e1 una exhibici\u00f3n de camiones americanos decorados y una ceremonia de salida en la parrilla. Disfrutar\u00e1n tambi\u00e9n de una pantalla gigante para seguir la prueba desde cualquier zona del circuito.<\/p>\n<p>Se presentar\u00e1n todas las actividades habituales del circuito para que la familia disfrute de un fin de semana perfecto de ocio y diversi\u00f3n.\u00a0 Se estima que m\u00e1s de 30.000 personas se dar\u00e1n cita en las gradas del Jarama para disfrutar de esta espectacular e inolvidable experiencia. Un gran evento que no se puede perder.<\/p>\n<blockquote><p>Para encontrar y contratar el mejor seguro, utilice siempre el mejor <a href=\"https:\/\/seguros-de-camion.seguros-generales.es\/\" target=\"_blank\" rel=\"noopener\">comparador de seguros de cami\u00f3n<\/a>.<\/p><\/blockquote>\n","protected":false},"excerpt":{"rendered":"<p>Los grandes camiones de Espa\u00f1a toman el Circuito Jarama-RACE.\u00a0El fin de semana del 5 y 6 de octubre se celebra XXXIII Gran Premio de Cami\u00f3n de Espa\u00f1a. En el m\u00edtico trazado madrile\u00f1o. All\u00ed se decidir\u00e1 el Campeonato de Europa. El circuito madrile\u00f1o albergar\u00e1, la XXXIII edici\u00f3n del GP de Camiones. El cual es valedero para [&hellip;]<\/p>\n","protected":false},"author":1,"featured_media":605,"comment_status":"open","ping_status":"open","sticky":false,"template":"","format":"standard","meta":{"_et_pb_use_builder":"","_et_pb_old_content":"","_et_gb_content_width":"","footnotes":""},"categories":[47],"tags":[],"class_list":["post-604","post","type-post","status-publish","format-standard","has-post-thumbnail","hentry","category-camiones"],"_links":{"self":[{"href":"https:\/\/www.seguros-camiones.com\/blog\/wp-json\/wp\/v2\/posts\/604","targetHints":{"allow":["GET"]}}],"collection":[{"href":"https:\/\/www.seguros-camiones.com\/blog\/wp-json\/wp\/v2\/posts"}],"about":[{"href":"https:\/\/www.seguros-camiones.com\/blog\/wp-json\/wp\/v2\/types\/post"}],"author":[{"embeddable":true,"href":"https:\/\/www.seguros-camiones.com\/blog\/wp-json\/wp\/v2\/users\/1"}],"replies":[{"embeddable":true,"href":"https:\/\/www.seguros-camiones.com\/blog\/wp-json\/wp\/v2\/comments?post=604"}],"version-history":[{"count":1,"href":"https:\/\/www.seguros-camiones.com\/blog\/wp-json\/wp\/v2\/posts\/604\/revisions"}],"predecessor-version":[{"id":1309,"href":"https:\/\/www.seguros-camiones.com\/blog\/wp-json\/wp\/v2\/posts\/604\/revisions\/1309"}],"wp:featuredmedia":[{"embeddable":true,"href":"https:\/\/www.seguros-camiones.com\/blog\/wp-json\/wp\/v2\/media\/605"}],"wp:attachment":[{"href":"https:\/\/www.seguros-camiones.com\/blog\/wp-json\/wp\/v2\/media?parent=604"}],"wp:term":[{"taxonomy":"category","embeddable":true,"href":"https:\/\/www.seguros-camiones.com\/blog\/wp-json\/wp\/v2\/categories?post=604"},{"taxonomy":"post_tag","embeddable":true,"href":"https:\/\/www.seguros-camiones.com\/blog\/wp-json\/wp\/v2\/tags?post=604"}],"curies":[{"name":"wp","href":"https:\/\/api.w.org\/{rel}","templated":true}]}}