{"id":725,"date":"2020-03-23T16:18:25","date_gmt":"2020-03-23T16:18:25","guid":{"rendered":"https:\/\/www.seguros-camiones.com\/blog\/?p=725"},"modified":"2024-08-03T03:47:33","modified_gmt":"2024-08-03T03:47:33","slug":"el-transporte-de-mercancia-es-un-servicio-esencial","status":"publish","type":"post","link":"https:\/\/www.seguros-camiones.com\/blog\/el-transporte-de-mercancia-es-un-servicio-esencial\/03\/2020\/","title":{"rendered":"El Transporte de mercanc\u00eda es un servicio esencial"},"content":{"rendered":"<p><strong>El transporte de mercanc\u00eda<\/strong> no parar\u00e1 durante el estado de alarma y es declarado un <strong>servicio esencial<\/strong>. Sin embargo, este sector ha sido afectado econ\u00f3micamente por la epidemia de Covid-19. Aun cuando el transporte fue declarado esencial, no ocurri\u00f3 igual con las mercanc\u00edas.<\/p>\n<p>En otras palabras, <strong>la prioridad del transporte depende de la mercanc\u00eda a transportar<\/strong>. Es as\u00ed como a partir del 30 de marzo, el transporte de mercanc\u00eda debe parar hasta el 9 de abril. Esta medida no incluye al transporte de mercanc\u00edas vinculadas a actividades esenciales. \u00a0El nuevo Decreto-Ley aprobado el domingo 29 de marzo por la ma\u00f1ana por el Consejo de Ministros fue publicado en el BOE.<\/p>\n<p><strong>Solo podr\u00e1n continuar<\/strong> su labor aquellas empresas de <strong>transporte de mercanc\u00edas vinculadas al abastecimiento de alimentos a la poblaci\u00f3n, a los hospitales y farmacias<\/strong>. Mientras que todas las dem\u00e1s empresas de transporte deber\u00e1n suspender actividades. Esta medida comenzara a ser aplicada a partir del 30 de marzo a las 00:00 horas y durar\u00e1 hasta el nueve de abril.<\/p>\n<blockquote><p>Para encontrar y contratar el mejor seguro, utilice siempre el mejor <a href=\"http:\/\/www.seguros-generales.es\" target=\"_blank\" rel=\"noopener\">comparador de seguros de cami\u00f3n<\/a>.<\/p><\/blockquote>\n<div id=\"ez-toc-container\" class=\"ez-toc-v2_0_87 counter-hierarchy ez-toc-counter ez-toc-grey ez-toc-container-direction\">\n<div class=\"ez-toc-title-container\">\n<p class=\"ez-toc-title\" style=\"cursor:inherit\">Table of Contents<\/p>\n<span class=\"ez-toc-title-toggle\"><a href=\"#\" class=\"ez-toc-pull-right ez-toc-btn ez-toc-btn-xs ez-toc-btn-default ez-toc-toggle\" aria-label=\"Alternar tabla de contenidos\"><span class=\"ez-toc-js-icon-con\"><span class=\"\"><span class=\"eztoc-hide\" style=\"display:none;\">Toggle<\/span><span class=\"ez-toc-icon-toggle-span\"><svg style=\"fill: #999;color:#999\" xmlns=\"http:\/\/www.w3.org\/2000\/svg\" class=\"list-377408\" width=\"20px\" height=\"20px\" viewBox=\"0 0 24 24\" fill=\"none\"><path d=\"M6 6H4v2h2V6zm14 0H8v2h12V6zM4 11h2v2H4v-2zm16 0H8v2h12v-2zM4 16h2v2H4v-2zm16 0H8v2h12v-2z\" fill=\"currentColor\"><\/path><\/svg><svg style=\"fill: #999;color:#999\" class=\"arrow-unsorted-368013\" xmlns=\"http:\/\/www.w3.org\/2000\/svg\" width=\"10px\" height=\"10px\" viewBox=\"0 0 24 24\" version=\"1.2\" baseProfile=\"tiny\"><path d=\"M18.2 9.3l-6.2-6.3-6.2 6.3c-.2.2-.3.4-.3.7s.1.5.3.7c.2.2.4.3.7.3h11c.3 0 .5-.1.7-.3.2-.2.3-.5.3-.7s-.1-.5-.3-.7zM5.8 14.7l6.2 6.3 6.2-6.3c.2-.2.3-.5.3-.7s-.1-.5-.3-.7c-.2-.2-.4-.3-.7-.3h-11c-.3 0-.5.1-.7.3-.2.2-.3.5-.3.7s.1.5.3.7z\"\/><\/svg><\/span><\/span><\/span><\/a><\/span><\/div>\n<nav><ul class='ez-toc-list ez-toc-list-level-1 ' ><li class='ez-toc-page-1 ez-toc-heading-level-2'><a class=\"ez-toc-link ez-toc-heading-1\" href=\"https:\/\/www.seguros-camiones.com\/blog\/el-transporte-de-mercancia-es-un-servicio-esencial\/03\/2020\/#Algunas_medidas_paliativas\" >Algunas medidas paliativas<\/a><\/li><li class='ez-toc-page-1 ez-toc-heading-level-2'><a class=\"ez-toc-link ez-toc-heading-2\" href=\"https:\/\/www.seguros-camiones.com\/blog\/el-transporte-de-mercancia-es-un-servicio-esencial\/03\/2020\/#Garantizar_el_libre_transito_de_mercancias_esenciales\" >Garantizar el libre tr\u00e1nsito de mercanc\u00edas esenciales<\/a><\/li><li class='ez-toc-page-1 ez-toc-heading-level-2'><a class=\"ez-toc-link ez-toc-heading-3\" href=\"https:\/\/www.seguros-camiones.com\/blog\/el-transporte-de-mercancia-es-un-servicio-esencial\/03\/2020\/#Acabar_con_las_colas_de_camiones_en_las_fronteras\" >Acabar con las colas de camiones en las fronteras<\/a><\/li><\/ul><\/nav><\/div>\n<h2><span class=\"ez-toc-section\" id=\"Algunas_medidas_paliativas\"><\/span>Algunas medidas paliativas<span class=\"ez-toc-section-end\"><\/span><\/h2>\n<p>Los conductores asalariados entrar\u00e1n <strong>en permiso retribuido recuperable<\/strong>. Esto implica que las empresas deben seguir pagando el salario a los conductores. Tambi\u00e9n obliga a los trabajadores a negociar, c\u00f3mo van a recuperar las jornadas de trabajo no trabajadas, hasta el 9 de abril. Esta negociaci\u00f3n puede ser a trav\u00e9s de sus representantes sindicales, o ellos mismos si en sus empresas no los hubiera.<\/p>\n<p>Los trabajadores que ya estuviesen acogidos a un ERTE, no pueden acogerse a este permiso retribuido recuperable El periodo para recuperar estas jornadas es desde la finalizaci\u00f3n del confinamiento hasta el 31 de diciembre de 2020.<\/p>\n<p>Las empresas que se vean obligadas por este decreto, a fijar este \u201cpermiso laboral retribuido\u201d, podr\u00e1n fijar unos turnos o servicios m\u00ednimos. Es decir, podr\u00e1n mantener una actividad m\u00ednima indispensable.<\/p>\n<blockquote><p>Revise ahora los mejores <a href=\"https:\/\/www.seguroslowcost.es\/seguros-camion-lowcost.html\" target=\"_blank\" rel=\"noopener\">seguros de camiones low cost<\/a> para contar siempre con la mejor opci\u00f3n<\/p><\/blockquote>\n<h2><span class=\"ez-toc-section\" id=\"Garantizar_el_libre_transito_de_mercancias_esenciales\"><\/span>Garantizar el libre tr\u00e1nsito de mercanc\u00edas esenciales<span class=\"ez-toc-section-end\"><\/span><\/h2>\n<p>La Comisi\u00f3n Europea ha propuesto una serie de directrices con el fin de proteger el tr\u00e1nsito de mercanc\u00edas. Los Ministros de Transporte de los Estados miembros de la Uni\u00f3n Europea, reunidos en videoconferencia, han respaldado estas directrices. Las mismas tienen como objetivo garantizar la libre circulaci\u00f3n de trabajadores del transporte.<\/p>\n<p>Medidas como la creaci\u00f3n de carriles prioritarios para el transporte de mercanc\u00edas y flexibilidad para las normas de conducci\u00f3n y tiempos de descanso se podr\u00e1n en pr\u00e1ctica. De esta manera se pretende garantizar que los productos de alimentaci\u00f3n y de primera necesidad, lleguen a todos los ciudadanos de la Uni\u00f3n Europea.<\/p>\n<p>As\u00ed mismo, se comprometieron a notificar a la Comisi\u00f3n Europea, cualquier medida que estimen adoptar en materia de transporte. La finalidad de estas medidas es <strong>garantizar que el flujo de mercanc\u00edas contin\u00fae en la Uni\u00f3n Europea<\/strong>. La propuesta de la Comisi\u00f3n europea, surge ante el anuncio de varios pa\u00edses incluida Espa\u00f1a, del cierre de sus fronteras.<\/p>\n<p>Seg\u00fan se desprende, la intenci\u00f3n de las medidas es tratar de preservar la econom\u00eda y que los efectos econ\u00f3micos, no sean irreversibles. Adem\u00e1s de la flexibilizaci\u00f3n de las normas de descanso, se debe <strong>permitir el uso de permisos y licencias caducadas<\/strong>. Tambi\u00e9n se deben establecer mecanismos que garanticen la apertura de estaciones de servicios, de \u00e1reas de descanso y de compra de alimento para los conductores.<\/p>\n<h2><span class=\"ez-toc-section\" id=\"Acabar_con_las_colas_de_camiones_en_las_fronteras\"><\/span>Acabar con las colas de camiones en las fronteras<span class=\"ez-toc-section-end\"><\/span><\/h2>\n<p>De igual manera, la Comisi\u00f3n Europea, ha propuesto medidas para evitar las grandes colas, en los puestos fronterizos. Las medidas de control est\u00e1n produciendo largas colas de hasta m\u00e1s de 40 km. Estas colas significan un retraso de tiempo que puede sobrepasar inclusive las 20 horas.<\/p>\n<p>En este sentido, a fin de garantizar que los medicamentos, equipos de protecci\u00f3n y otros bienes necesarios, lleguen sin mayor retraso a hospitales y residencias, la Comisi\u00f3n Europea plantea <strong>el tiempo de cruce de las fronteras m\u00e1ximo 15 minutos<\/strong>. Por lo tanto, para los transportes de mercanc\u00eda, el tiempo de espera no debe superar este tiempo m\u00e1ximo.<\/p>\n<p>Por otro lado, la Comisi\u00f3n Europea plante\u00f3 que debe permitirse el <strong>libre tr\u00e1nsito de mercanc\u00edas<\/strong>. Para ello los estados miembros no deben distinguir entre los veh\u00edculos que transportan mercanc\u00edas para su territorio o los que est\u00e1n de tr\u00e1nsito. Se incluye adem\u00e1s la recomendaci\u00f3n de <strong>suspender las restricciones de circulaci\u00f3n<\/strong>.<\/p>\n<blockquote><p>Contrate siempre el mejor <a href=\"https:\/\/www.seguros-camiones.com\/\">seguro de camiones<\/a> para estar completamente protegido contra cualquier eventualidad<\/p><\/blockquote>\n","protected":false},"excerpt":{"rendered":"<p>El transporte de mercanc\u00eda no parar\u00e1 durante el estado de alarma y es declarado un servicio esencial. Sin embargo, este sector ha sido afectado econ\u00f3micamente por la epidemia de Covid-19. Aun cuando el transporte fue declarado esencial, no ocurri\u00f3 igual con las mercanc\u00edas. En otras palabras, la prioridad del transporte depende de la mercanc\u00eda a [&hellip;]<\/p>\n","protected":false},"author":1,"featured_media":726,"comment_status":"open","ping_status":"open","sticky":false,"template":"","format":"standard","meta":{"_et_pb_use_builder":"","_et_pb_old_content":"","_et_gb_content_width":"","footnotes":""},"categories":[1],"tags":[],"class_list":["post-725","post","type-post","status-publish","format-standard","has-post-thumbnail","hentry","category-sin-categoria"],"_links":{"self":[{"href":"https:\/\/www.seguros-camiones.com\/blog\/wp-json\/wp\/v2\/posts\/725","targetHints":{"allow":["GET"]}}],"collection":[{"href":"https:\/\/www.seguros-camiones.com\/blog\/wp-json\/wp\/v2\/posts"}],"about":[{"href":"https:\/\/www.seguros-camiones.com\/blog\/wp-json\/wp\/v2\/types\/post"}],"author":[{"embeddable":true,"href":"https:\/\/www.seguros-camiones.com\/blog\/wp-json\/wp\/v2\/users\/1"}],"replies":[{"embeddable":true,"href":"https:\/\/www.seguros-camiones.com\/blog\/wp-json\/wp\/v2\/comments?post=725"}],"version-history":[{"count":2,"href":"https:\/\/www.seguros-camiones.com\/blog\/wp-json\/wp\/v2\/posts\/725\/revisions"}],"predecessor-version":[{"id":1275,"href":"https:\/\/www.seguros-camiones.com\/blog\/wp-json\/wp\/v2\/posts\/725\/revisions\/1275"}],"wp:featuredmedia":[{"embeddable":true,"href":"https:\/\/www.seguros-camiones.com\/blog\/wp-json\/wp\/v2\/media\/726"}],"wp:attachment":[{"href":"https:\/\/www.seguros-camiones.com\/blog\/wp-json\/wp\/v2\/media?parent=725"}],"wp:term":[{"taxonomy":"category","embeddable":true,"href":"https:\/\/www.seguros-camiones.com\/blog\/wp-json\/wp\/v2\/categories?post=725"},{"taxonomy":"post_tag","embeddable":true,"href":"https:\/\/www.seguros-camiones.com\/blog\/wp-json\/wp\/v2\/tags?post=725"}],"curies":[{"name":"wp","href":"https:\/\/api.w.org\/{rel}","templated":true}]}}