{"id":765,"date":"2020-09-07T14:47:59","date_gmt":"2020-09-07T14:47:59","guid":{"rendered":"https:\/\/www.seguros-camiones.com\/blog\/?p=765"},"modified":"2024-08-03T03:41:57","modified_gmt":"2024-08-03T03:41:57","slug":"la-nueva-generacion-de-camiones-man-en-espana","status":"publish","type":"post","link":"https:\/\/www.seguros-camiones.com\/blog\/la-nueva-generacion-de-camiones-man-en-espana\/09\/2020\/","title":{"rendered":"La nueva generaci\u00f3n de camiones Man en Espa\u00f1a"},"content":{"rendered":"<p>La marca alemana del le\u00f3n, present\u00f3 en febrero pasado sus nuevos veh\u00edculos que rugir\u00e1n por toda la geograf\u00eda continental.<\/p>\n<p>Aunque la espera causada por la pandemia ha sido larga, Espa\u00f1a se prepara con todas las medidas sanitarias necesarias para disfrutar de las adaptadas presentaciones de la nueva generaci\u00f3n de Camiones MAN.<\/p>\n<div id=\"ez-toc-container\" class=\"ez-toc-v2_0_87 counter-hierarchy ez-toc-counter ez-toc-grey ez-toc-container-direction\">\n<div class=\"ez-toc-title-container\">\n<p class=\"ez-toc-title\" style=\"cursor:inherit\">Table of Contents<\/p>\n<span class=\"ez-toc-title-toggle\"><a href=\"#\" class=\"ez-toc-pull-right ez-toc-btn ez-toc-btn-xs ez-toc-btn-default ez-toc-toggle\" aria-label=\"Alternar tabla de contenidos\"><span class=\"ez-toc-js-icon-con\"><span class=\"\"><span class=\"eztoc-hide\" style=\"display:none;\">Toggle<\/span><span class=\"ez-toc-icon-toggle-span\"><svg style=\"fill: #999;color:#999\" xmlns=\"http:\/\/www.w3.org\/2000\/svg\" class=\"list-377408\" width=\"20px\" height=\"20px\" viewBox=\"0 0 24 24\" fill=\"none\"><path d=\"M6 6H4v2h2V6zm14 0H8v2h12V6zM4 11h2v2H4v-2zm16 0H8v2h12v-2zM4 16h2v2H4v-2zm16 0H8v2h12v-2z\" fill=\"currentColor\"><\/path><\/svg><svg style=\"fill: #999;color:#999\" class=\"arrow-unsorted-368013\" xmlns=\"http:\/\/www.w3.org\/2000\/svg\" width=\"10px\" height=\"10px\" viewBox=\"0 0 24 24\" version=\"1.2\" baseProfile=\"tiny\"><path d=\"M18.2 9.3l-6.2-6.3-6.2 6.3c-.2.2-.3.4-.3.7s.1.5.3.7c.2.2.4.3.7.3h11c.3 0 .5-.1.7-.3.2-.2.3-.5.3-.7s-.1-.5-.3-.7zM5.8 14.7l6.2 6.3 6.2-6.3c.2-.2.3-.5.3-.7s-.1-.5-.3-.7c-.2-.2-.4-.3-.7-.3h-11c-.3 0-.5.1-.7.3-.2.2-.3.5-.3.7s.1.5.3.7z\"\/><\/svg><\/span><\/span><\/span><\/a><\/span><\/div>\n<nav><ul class='ez-toc-list ez-toc-list-level-1 ' ><li class='ez-toc-page-1 ez-toc-heading-level-2'><a class=\"ez-toc-link ez-toc-heading-1\" href=\"https:\/\/www.seguros-camiones.com\/blog\/la-nueva-generacion-de-camiones-man-en-espana\/09\/2020\/#%C2%BFUna_espera_que_ha_valido_la_pena\" >\u00bfUna espera que ha valido la pena?<\/a><\/li><li class='ez-toc-page-1 ez-toc-heading-level-2'><a class=\"ez-toc-link ez-toc-heading-2\" href=\"https:\/\/www.seguros-camiones.com\/blog\/la-nueva-generacion-de-camiones-man-en-espana\/09\/2020\/#Una_nueva_generacion_pensada_por_y_para_los_profesionales_de_la_carga_y_el_transporte\" >Una nueva generaci\u00f3n pensada por y para los profesionales de la carga y el transporte<\/a><\/li><li class='ez-toc-page-1 ez-toc-heading-level-2'><a class=\"ez-toc-link ez-toc-heading-3\" href=\"https:\/\/www.seguros-camiones.com\/blog\/la-nueva-generacion-de-camiones-man-en-espana\/09\/2020\/#Consumo_eficiente_de_combustible\" >Consumo eficiente de combustible<\/a><\/li><li class='ez-toc-page-1 ez-toc-heading-level-2'><a class=\"ez-toc-link ez-toc-heading-4\" href=\"https:\/\/www.seguros-camiones.com\/blog\/la-nueva-generacion-de-camiones-man-en-espana\/09\/2020\/#Modelos_rentables_y_mantenibles\" >Modelos rentables y mantenibles<\/a><\/li><\/ul><\/nav><\/div>\n<h2><span class=\"ez-toc-section\" id=\"%C2%BFUna_espera_que_ha_valido_la_pena\"><\/span>\u00bfUna espera que ha valido la pena?<span class=\"ez-toc-section-end\"><\/span><\/h2>\n<p>En el pasado mes de febrero, la marca alemana MAN, present\u00f3 a Europa y al mundo sus nuevos veh\u00edculos, <b>una generaci\u00f3n de camiones, donde los dise\u00f1os de vanguardia y la tecnolog\u00eda se fusionan con la calidad y resistencia<\/b> que caracteriza la marca.<\/p>\n<p>Tras m\u00e1s de 6 meses se han organizado eventos de presentaci\u00f3n de los camiones, por todo el territorio espa\u00f1ol, cada uno considerando la actual situaci\u00f3n de pandemia, y el cumplimiento de los protocolos sugeridos para hacerlos de forma segura cuidando de aut\u00f3nomos, y empresarios que esperan con ansias conocer de cerca los nuevos modelos de camiones.<\/p>\n<p>Los profesionales espa\u00f1oles del volante, especialistas en la carga y transporte de mercanc\u00eda, podr\u00e1n conocer de cerca todas las novedades que MAN agrega a sus camiones.<\/p>\n<p>Para ello, <b>recibir\u00e1n toda la informaci\u00f3n sobre los camiones, con la oportunidad de comprobar con sus propios ojos, las mejoras que se incorporan<\/b> a estos veh\u00edculos profesionales.<\/p>\n<p>Distanciamiento social, uso de tapabocas, aforos reducidos y desinfecci\u00f3n continua, son parte de las acciones que se aplicar\u00e1n como medidas de seguridad sanitaria, por los encargados a petici\u00f3n de las autoridades para permitir los eventos.<\/p>\n<div class='et-box et-shadow'>\n\t\t\t\t\t<div class='et-box-content'>Contrate siempre el mejor <a href=\"https:\/\/www.seguros-camiones.com\/\">seguro de camiones<\/a> para estar completamente protegido contra cualquier eventualidad<\/div><\/div>\n<h2><span class=\"ez-toc-section\" id=\"Una_nueva_generacion_pensada_por_y_para_los_profesionales_de_la_carga_y_el_transporte\"><\/span>Una nueva generaci\u00f3n pensada por y para los profesionales de la carga y el transporte<span class=\"ez-toc-section-end\"><\/span><\/h2>\n<p><b>La nueva generaci\u00f3n de camiones MAN est\u00e1 pensada en el bienestar, la comodidad y la seguridad de los conductore<\/b>s. Establece est\u00e1ndares de ergonom\u00eda, manejo inteligente intuitivo y seguro, interconexi\u00f3n en red con dispositivos y aplicaciones digitales.<\/p>\n<p>Adem\u00e1s de una serie de accesorios que dan un toque novedoso y c\u00f3modo, comenzado por asientos confortables y amplios, pasando por la incorporaci\u00f3n de portaobjetos, y un espacio planificado para el descanso en las largas rutas.<\/p>\n<p>Cuando MAN afirma haber dise\u00f1ado sus nuevos veh\u00edculos por los empresarios y conductores, hace alusi\u00f3n a la incorporaci\u00f3n en el dise\u00f1o de las sugerencias y necesidades expuestas por los conductores, basados en su experiencia tanto en el manejo como en los momentos de carga, descarga y aparcamiento para el descanso.<\/p>\n<p><b>Estos veh\u00edculos disponen de modernos sistemas de apoyo, que incluyen asistente de cambio de carril, ayuda de giro y ayuda para atascos<\/b>. Lo que brinda autonom\u00eda al veh\u00edculo, al mismo tiempo que disminuyen la demanda de esfuerzo f\u00edsico y mental del conductor, combinados con el aumento de la seguridad vial.<\/p>\n<div class='et-box et-shadow'>\n\t\t\t\t\t<div class='et-box-content'>Revise ahora los mejores <a href=\"https:\/\/seguros-de-camion.seguros-generales.es\/\" target=\"_blank\" rel=\"noopener\">seguros de camiones<\/a> para contar siempre con la mejor opci\u00f3n<\/div><\/div>\n<h2><span class=\"ez-toc-section\" id=\"Consumo_eficiente_de_combustible\"><\/span>Consumo eficiente de combustible<span class=\"ez-toc-section-end\"><\/span><\/h2>\n<p>Pensando en consumo eficiente de combustible, y el ahorro de los empresarios en los costes de combustible, los nuevos camiones MAN, <b>tienen motorizaciones eficientes, que se traducen en el ahorro de hasta un 8% del combustible<\/b>.<\/p>\n<p>La interacci\u00f3n entre el motor,\u00a0 los componentes mec\u00e1nicos y el software incorporado a estas versiones, reducen el consumo de combustible y dan a los veh\u00edculos rentabilidad econ\u00f3mica, al mismo tiempo que disminuyen la emisi\u00f3n de gases contaminantes.<\/p>\n<h2><span class=\"ez-toc-section\" id=\"Modelos_rentables_y_mantenibles\"><\/span>Modelos rentables y mantenibles<span class=\"ez-toc-section-end\"><\/span><\/h2>\n<p>La mejorada aerodin\u00e1mica de la nueva generaci\u00f3n de\u00a0 camiones MAN brindan mayor estabilidad a los veh\u00edculos, y se suma el uso de aplicaciones digitales para facilitar al conductor un manejo eficiente, con formaci\u00f3n y capacitaci\u00f3n selectivas y pr\u00e1cticas.<\/p>\n<p>El mantenimiento y reparaci\u00f3n de los nuevos camiones MAN son de trabajo r\u00e1pido y de costes reducidos.<\/p>\n<p>El sistema digitalizado de gesti\u00f3n del mantenimiento reduce los costes operativos y garantiza la disponibilidad m\u00e1xima de los veh\u00edculos, diferentes servicios y funciones digitales facilitan el trabajo de empresarios y conductores.<\/p>\n<p>La nueva generaci\u00f3n MAN cuenta con una arquitectura electr\u00f3nica potente, preparadas para mejorar la funcionalidad de los veh\u00edculos.<\/p>\n<p><b>El nuevo sistema de asesoramiento, se adapta y flexibiliza a las necesidades de los clientes y las exigencias de la actual era digital<\/b>, con la que los empresarios y conductores deben ir a la par.<\/p>\n<div class='et-box et-shadow'>\n\t\t\t\t\t<div class='et-box-content'>Contrate siempre el mejor <a href=\"https:\/\/www.seguros-camiones.com\/\">seguro de camiones<\/a> para estar completamente protegido contra cualquier eventualidad<\/div><\/div>\n","protected":false},"excerpt":{"rendered":"<p>La marca alemana del le\u00f3n, present\u00f3 en febrero pasado sus nuevos veh\u00edculos que rugir\u00e1n por toda la geograf\u00eda continental. Aunque la espera causada por la pandemia ha sido larga, Espa\u00f1a se prepara con todas las medidas sanitarias necesarias para disfrutar de las adaptadas presentaciones de la nueva generaci\u00f3n de Camiones MAN. \u00bfUna espera que ha [&hellip;]<\/p>\n","protected":false},"author":1,"featured_media":766,"comment_status":"open","ping_status":"open","sticky":false,"template":"","format":"standard","meta":{"_et_pb_use_builder":"","_et_pb_old_content":"","_et_gb_content_width":"","footnotes":""},"categories":[47],"tags":[605,606],"class_list":["post-765","post","type-post","status-publish","format-standard","has-post-thumbnail","hentry","category-camiones","tag-camiones-man","tag-marcas-de-camiones"],"_links":{"self":[{"href":"https:\/\/www.seguros-camiones.com\/blog\/wp-json\/wp\/v2\/posts\/765","targetHints":{"allow":["GET"]}}],"collection":[{"href":"https:\/\/www.seguros-camiones.com\/blog\/wp-json\/wp\/v2\/posts"}],"about":[{"href":"https:\/\/www.seguros-camiones.com\/blog\/wp-json\/wp\/v2\/types\/post"}],"author":[{"embeddable":true,"href":"https:\/\/www.seguros-camiones.com\/blog\/wp-json\/wp\/v2\/users\/1"}],"replies":[{"embeddable":true,"href":"https:\/\/www.seguros-camiones.com\/blog\/wp-json\/wp\/v2\/comments?post=765"}],"version-history":[{"count":1,"href":"https:\/\/www.seguros-camiones.com\/blog\/wp-json\/wp\/v2\/posts\/765\/revisions"}],"predecessor-version":[{"id":1261,"href":"https:\/\/www.seguros-camiones.com\/blog\/wp-json\/wp\/v2\/posts\/765\/revisions\/1261"}],"wp:featuredmedia":[{"embeddable":true,"href":"https:\/\/www.seguros-camiones.com\/blog\/wp-json\/wp\/v2\/media\/766"}],"wp:attachment":[{"href":"https:\/\/www.seguros-camiones.com\/blog\/wp-json\/wp\/v2\/media?parent=765"}],"wp:term":[{"taxonomy":"category","embeddable":true,"href":"https:\/\/www.seguros-camiones.com\/blog\/wp-json\/wp\/v2\/categories?post=765"},{"taxonomy":"post_tag","embeddable":true,"href":"https:\/\/www.seguros-camiones.com\/blog\/wp-json\/wp\/v2\/tags?post=765"}],"curies":[{"name":"wp","href":"https:\/\/api.w.org\/{rel}","templated":true}]}}