{"id":769,"date":"2020-09-14T18:48:38","date_gmt":"2020-09-14T18:48:38","guid":{"rendered":"https:\/\/www.seguros-camiones.com\/blog\/?p=769"},"modified":"2024-08-03T03:40:59","modified_gmt":"2024-08-03T03:40:59","slug":"elon-musk-afirma-que-bill-gates-no-tiene-ni-idea-de-camiones-electricos","status":"publish","type":"post","link":"https:\/\/www.seguros-camiones.com\/blog\/elon-musk-afirma-que-bill-gates-no-tiene-ni-idea-de-camiones-electricos\/09\/2020\/","title":{"rendered":"Elon Musk afirma que Bill Gates no tiene ni idea de camiones el\u00e9ctricos"},"content":{"rendered":"<p><span style=\"font-weight: 400;\">Elon Musk, director ejecutivo de Tesla, afirm\u00f3 que el multimillonario fundador de Microsoft, Bill Gates no tiene \u201cni idea\u201d sobre el funcionamiento de los veh\u00edculos el\u00e9ctricos. Esto lo dijo como respuesta ante las declaraciones ofrecidas por Gates, sobre la posibilidad de desarrollar camiones el\u00e9ctricos.<\/span><\/p>\n<p><span style=\"font-weight: 400;\">Gates ofreci\u00f3 su opini\u00f3n sobre los veh\u00edculos el\u00e9ctricos en un blog, las cuales se hicieron muy controversiales, puesto que el director de Tesla le respondi\u00f3 por medio de un tuit el pasado s\u00e1bado.<\/span><\/p>\n<p><b>Bill Gates al ser consultado por los veh\u00edculos el\u00e9ctricos, dijo que no estaba convencido de c\u00f3mo funcionaban<\/b><span style=\"font-weight: 400;\">. El magnate expres\u00f3 que las bater\u00edas son grandes y pesadas, por lo que <\/span><i><span style=\"font-weight: 400;\">dudaba de que este tipo de carros pudiese ser utilizado para grandes distancia<\/span><\/i><span style=\"font-weight: 400;\">s, como es el caso de los veh\u00edculos de carga pasada como camiones.<\/span><\/p>\n<div class='et-box et-shadow'>\n\t\t\t\t\t<div class='et-box-content'>Revise ahora los mejores <a href=\"https:\/\/seguros-de-camion.seguros-generales.es\/\" target=\"_blank\" rel=\"noopener\">seguros de camiones<\/a> para contar siempre con la mejor opci\u00f3n<\/div><\/div>\n<p><span style=\"font-weight: 400;\">\u201cAun con grandes avances en la tecnolog\u00eda de bater\u00edas, los veh\u00edculos el\u00e9ctricos probablemente nunca ser\u00e1n una soluci\u00f3n pr\u00e1ctica para cosas como camiones de 18 ruedas, barcos de carga y aviones de pasajeros\u201d, continu\u00f3 Gates en la publicaci\u00f3n.\u00a0<\/span><\/p>\n<p><span style=\"font-weight: 400;\">El cofundador de Microsoft\u00a0 explic\u00f3 que los autos que utilizan electricidad \u201cfuncionan cuando es necesario cubrir distancias cortas, pero necesitamos una soluci\u00f3n diferente para veh\u00edculos pesados de largo recorrido\u201d.<\/span><\/p>\n<p><span style=\"font-weight: 400;\">Como una posible alternativa a la situaci\u00f3n de transporte, <\/span><b>Gates expres\u00f3 que los \u201ccombustibles alternativos baratos\u201d podr\u00edan ser una buena alternativa<\/b><span style=\"font-weight: 400;\">, refiri\u00e9ndose al caso particular de los biocombustibles.<\/span><\/p>\n<p><span style=\"font-weight: 400;\">Sin embargo, es posible que la chispa que haya detonado la explosiva respuesta de Musk, fuera el comentario en el que Gates reconoci\u00f3 los avances que se han hecho en camionetas de tipo pick Up el\u00e9ctricas de grandes compa\u00f1\u00edas como Ford y GM.\u00a0<\/span><\/p>\n<p><span style=\"font-weight: 400;\">As\u00ed como a las nuevas empresas entre las que destac\u00f3 a Bollinger y Rivian, pero no mencion\u00f3 a Tesla, a pesar de ser el precursor de los veh\u00edculos el\u00e9ctricos en el mundo.<\/span><\/p>\n<div class='et-box et-shadow'>\n\t\t\t\t\t<div class='et-box-content'>Para encontrar y contratar el mejor seguro, utilice siempre el mejor <a href=\"http:\/\/www.seguros-generales.es\" target=\"_blank\" rel=\"noopener\">comparador de seguros de cami\u00f3n<\/a>.<\/div><\/div>\n<div id=\"ez-toc-container\" class=\"ez-toc-v2_0_87 counter-hierarchy ez-toc-counter ez-toc-grey ez-toc-container-direction\">\n<div class=\"ez-toc-title-container\">\n<p class=\"ez-toc-title\" style=\"cursor:inherit\">Table of Contents<\/p>\n<span class=\"ez-toc-title-toggle\"><a href=\"#\" class=\"ez-toc-pull-right ez-toc-btn ez-toc-btn-xs ez-toc-btn-default ez-toc-toggle\" aria-label=\"Alternar tabla de contenidos\"><span class=\"ez-toc-js-icon-con\"><span class=\"\"><span class=\"eztoc-hide\" style=\"display:none;\">Toggle<\/span><span class=\"ez-toc-icon-toggle-span\"><svg style=\"fill: #999;color:#999\" xmlns=\"http:\/\/www.w3.org\/2000\/svg\" class=\"list-377408\" width=\"20px\" height=\"20px\" viewBox=\"0 0 24 24\" fill=\"none\"><path d=\"M6 6H4v2h2V6zm14 0H8v2h12V6zM4 11h2v2H4v-2zm16 0H8v2h12v-2zM4 16h2v2H4v-2zm16 0H8v2h12v-2z\" fill=\"currentColor\"><\/path><\/svg><svg style=\"fill: #999;color:#999\" class=\"arrow-unsorted-368013\" xmlns=\"http:\/\/www.w3.org\/2000\/svg\" width=\"10px\" height=\"10px\" viewBox=\"0 0 24 24\" version=\"1.2\" baseProfile=\"tiny\"><path d=\"M18.2 9.3l-6.2-6.3-6.2 6.3c-.2.2-.3.4-.3.7s.1.5.3.7c.2.2.4.3.7.3h11c.3 0 .5-.1.7-.3.2-.2.3-.5.3-.7s-.1-.5-.3-.7zM5.8 14.7l6.2 6.3 6.2-6.3c.2-.2.3-.5.3-.7s-.1-.5-.3-.7c-.2-.2-.4-.3-.7-.3h-11c-.3 0-.5.1-.7.3-.2.2-.3.5-.3.7s.1.5.3.7z\"\/><\/svg><\/span><\/span><\/span><\/a><\/span><\/div>\n<nav><ul class='ez-toc-list ez-toc-list-level-1 ' ><li class='ez-toc-page-1 ez-toc-heading-level-2'><a class=\"ez-toc-link ez-toc-heading-1\" href=\"https:\/\/www.seguros-camiones.com\/blog\/elon-musk-afirma-que-bill-gates-no-tiene-ni-idea-de-camiones-electricos\/09\/2020\/#Musk_arremete_contra_Bill_Gates\" >Musk arremete contra Bill Gates\u00a0<\/a><\/li><li class='ez-toc-page-1 ez-toc-heading-level-2'><a class=\"ez-toc-link ez-toc-heading-2\" href=\"https:\/\/www.seguros-camiones.com\/blog\/elon-musk-afirma-que-bill-gates-no-tiene-ni-idea-de-camiones-electricos\/09\/2020\/#Viejas_rencillas\" >Viejas rencillas\u00a0<\/a><\/li><\/ul><\/nav><\/div>\n<h2><span class=\"ez-toc-section\" id=\"Musk_arremete_contra_Bill_Gates\"><\/span><b>Musk arremete contra Bill Gates\u00a0<\/b><span class=\"ez-toc-section-end\"><\/span><\/h2>\n<p><span style=\"font-weight: 400;\">Si bien la entrada del blog en la que Gates hace referencia a los camiones el\u00e9ctricos se public\u00f3 el pasado mes de agosto, <\/span><b>no fue sino hasta el pasado 12 de septiembre cuando Musk arremeti\u00f3 de manera tajante en contra de la segunda persona m\u00e1s rica del mundo<\/b><span style=\"font-weight: 400;\">.<\/span><\/p>\n<p><span style=\"font-weight: 400;\">La pol\u00e9mica respuesta del representante de Tesla, la ofreci\u00f3 a trav\u00e9s de la red social Twitter, en unos cuantos caracteres, Musk dej\u00f3 claro su posici\u00f3n con respecto a las declaraciones de Gates.<\/span><\/p>\n<p><span style=\"font-weight: 400;\">\u201cGood Day. What&#8217;s your opinion about Bill Gates&#8217; declarations referred to electric trucks?\u201d fue uno de los tantos mensajes que escribieron a Musk en la red social para que diera su opini\u00f3n sobre las declaraciones de Bill Gates.<\/span><\/p>\n<p><span style=\"font-weight: 400;\">Musk se pregunt\u00f3 la raz\u00f3n por la Gates considera que cualquier tipo de veh\u00edculo es capaz de electrificarse, excepto los camiones de carga pesada.<\/span><\/p>\n<p><span style=\"font-weight: 400;\">\u201cEl problema es que las bater\u00edas son grandes y pesadas. Cuanto m\u00e1s peso se intenta mover, m\u00e1s bater\u00edas se necesitan para alimentar el veh\u00edculo\u201d, escribi\u00f3.<\/span><\/p>\n<p><span style=\"font-weight: 400;\">Cabe resaltar que Tesla tiene en puertas el lanzamiento de un cami\u00f3n el\u00e9ctrico. <\/span><b>El Semi ser\u00e1 100% el\u00e9ctrico, y llegar\u00e1 con la visi\u00f3n de causar una revoluci\u00f3n en el transporte<\/b><span style=\"font-weight: 400;\"> por carretera, y de grandes distancias.<\/span><\/p>\n<p><span style=\"font-weight: 400;\">Si bien ya hay otros camiones el\u00e9ctricos en el mercado, el Semi de Tesla una amplia autonom\u00eda, su velocidad superar\u00e1 los 800 km, en cuanto a la carga, esta se podr\u00e1 recuperar en un\u00a0 80% de su rango, en tan solo 30 minutos.<\/span><\/p>\n<p><span style=\"font-weight: 400;\">Para esto \u00faltimo, utilizar\u00e1 una red de Megacargadores que Tesla estar\u00e1 desarrollando al mismo tiempo que comercializar\u00e1 al Semi.<\/span><\/p>\n<div class='et-box et-shadow'>\n\t\t\t\t\t<div class='et-box-content'>Contrate siempre el mejor <a href=\"https:\/\/www.seguros-camiones.com\/\">seguro de camiones<\/a> para estar completamente protegido contra cualquier eventualidad<\/div><\/div>\n<h2><span class=\"ez-toc-section\" id=\"Viejas_rencillas\"><\/span><b>Viejas rencillas\u00a0<\/b><span class=\"ez-toc-section-end\"><\/span><\/h2>\n<p><span style=\"font-weight: 400;\">En cuanto a las relaciones que hay entre Gates y Musk, no es la primera vez que se forman este tipo de desavenencias.\u00a0\u00a0<\/span><\/p>\n<p><b>A principios de este a\u00f1o ambos multimillonarios protagonizaron otra rencilla tambi\u00e9n a trav\u00e9s de twitter<\/b><span style=\"font-weight: 400;\">, cuando en febrero, Musk asegur\u00f3 que las conversaciones con Gates eran \u201cdecepcionantes\u201d.<\/span><\/p>\n<p><span style=\"font-weight: 400;\">En esta oportunidad, el director de Tesla atac\u00f3 luego de Gates dijera en unas declaraciones que hab\u00eda adquirido un veh\u00edculo el\u00e9ctrico Porsche Taycan, y no un Tesla, a pesar de ser la empresa referente en el mercado en cuanto a este tupo de tecnolog\u00eda.<\/span><\/p>\n","protected":false},"excerpt":{"rendered":"<p>Elon Musk, director ejecutivo de Tesla, afirm\u00f3 que el multimillonario fundador de Microsoft, Bill Gates no tiene \u201cni idea\u201d sobre el funcionamiento de los veh\u00edculos el\u00e9ctricos. Esto lo dijo como respuesta ante las declaraciones ofrecidas por Gates, sobre la posibilidad de desarrollar camiones el\u00e9ctricos. Gates ofreci\u00f3 su opini\u00f3n sobre los veh\u00edculos el\u00e9ctricos en un blog, [&hellip;]<\/p>\n","protected":false},"author":1,"featured_media":771,"comment_status":"open","ping_status":"open","sticky":false,"template":"","format":"standard","meta":{"_et_pb_use_builder":"","_et_pb_old_content":"","_et_gb_content_width":"","footnotes":""},"categories":[552],"tags":[],"class_list":["post-769","post","type-post","status-publish","format-standard","has-post-thumbnail","hentry","category-camiones-electricos"],"_links":{"self":[{"href":"https:\/\/www.seguros-camiones.com\/blog\/wp-json\/wp\/v2\/posts\/769","targetHints":{"allow":["GET"]}}],"collection":[{"href":"https:\/\/www.seguros-camiones.com\/blog\/wp-json\/wp\/v2\/posts"}],"about":[{"href":"https:\/\/www.seguros-camiones.com\/blog\/wp-json\/wp\/v2\/types\/post"}],"author":[{"embeddable":true,"href":"https:\/\/www.seguros-camiones.com\/blog\/wp-json\/wp\/v2\/users\/1"}],"replies":[{"embeddable":true,"href":"https:\/\/www.seguros-camiones.com\/blog\/wp-json\/wp\/v2\/comments?post=769"}],"version-history":[{"count":2,"href":"https:\/\/www.seguros-camiones.com\/blog\/wp-json\/wp\/v2\/posts\/769\/revisions"}],"predecessor-version":[{"id":1260,"href":"https:\/\/www.seguros-camiones.com\/blog\/wp-json\/wp\/v2\/posts\/769\/revisions\/1260"}],"wp:featuredmedia":[{"embeddable":true,"href":"https:\/\/www.seguros-camiones.com\/blog\/wp-json\/wp\/v2\/media\/771"}],"wp:attachment":[{"href":"https:\/\/www.seguros-camiones.com\/blog\/wp-json\/wp\/v2\/media?parent=769"}],"wp:term":[{"taxonomy":"category","embeddable":true,"href":"https:\/\/www.seguros-camiones.com\/blog\/wp-json\/wp\/v2\/categories?post=769"},{"taxonomy":"post_tag","embeddable":true,"href":"https:\/\/www.seguros-camiones.com\/blog\/wp-json\/wp\/v2\/tags?post=769"}],"curies":[{"name":"wp","href":"https:\/\/api.w.org\/{rel}","templated":true}]}}